{"id":1097,"date":"2016-07-15T10:17:23","date_gmt":"2016-07-15T08:17:23","guid":{"rendered":"http:\/\/aproin.com\/?p=1097"},"modified":"2016-07-15T10:17:23","modified_gmt":"2016-07-15T08:17:23","slug":"la-xunta-garantiza-que-el-tramite-para-las-1-600-viviendas-de-navia-dura-menos-de-cuatro-meses","status":"publish","type":"post","link":"https:\/\/aproin.com\/index.php\/la-xunta-garantiza-que-el-tramite-para-las-1-600-viviendas-de-navia-dura-menos-de-cuatro-meses\/","title":{"rendered":"La Xunta garantiza que el tr\u00e1mite para las 1.600 viviendas de Navia dura menos de cuatro meses"},"content":{"rendered":"<p>&#8220;No hay ning\u00fan retraso, mucho menos voluntario&#8221;, anota Vivenda -Critica que espera el documento ambiental del Concello desde hace un mes y le exige &#8220;agilidad y rapidez&#8221;<\/p>\n<p>Carlos Prego Vigo \/ Faro de Vigo<\/p>\n<p style=\"text-align: justify;\">La Xunta garantiza que el plan para construir 1.600 viviendas protegidas en Navia superar\u00e1 el tr\u00e1mite ambiental en un m\u00e1ximo de cuatro meses. Un plazo que con toda probabilidad se reducir\u00e1 a tres meses, seg\u00fan concret\u00f3 ayer el director general del Instituto Galego de Vivenda e Solo (IGVS), Heriberto Garc\u00eda, quien responde as\u00ed y &#8220;desmiente rotundamente&#8221; las cr\u00edticas del Concello de Vigo, que acus\u00f3 al gobierno auton\u00f3mico de devolver la tramitaci\u00f3n ambiental al punto de partida y obligar a un proceso que durar\u00eda cerca de a\u00f1o y medio.<\/p>\n<p style=\"text-align: justify;\">Garc\u00eda recalc\u00f3 que el requisito de la Xunta -la nueva tramitaci\u00f3n ambiental para el plan parcial de Navia- viene motivado por la ley y garantiz\u00f3 que &#8220;no supondr\u00e1 ning\u00fan retraso en el desarrollo del pol\u00edgono&#8221;. &#8220;No hay ning\u00fan retraso, y mucho menos intencionado&#8221;.<\/p>\n<p style=\"text-align: justify;\">Acompa\u00f1ado por el delegado de la Xunta en Vigo, Ignacio L\u00f3pez-Chaves; y el subdirector general de Medio Ambiente, Carlos Calzadilla, Garc\u00eda critic\u00f3 adem\u00e1s que la administraci\u00f3n gallega espera desde hace m\u00e1s de un mes por un documento ambiental del Concello.<\/p>\n<p style=\"text-align: justify;\">&#8220;El Ayuntamiento de Vigo ten\u00eda que limitarse exclusivamente a dar traslado de ese documento que presenta el Instituto a la Secretaria Xeral de Calidad Ambiental. M\u00e1s de un mes despu\u00e9s sin embargo no hay constancia en la Xunta de la entrada de ese documento para su tramitaci\u00f3n por parte del \u00f3rgano medioambiental&#8221;, lament\u00f3 el responsable del IGVS, y apostill\u00f3: &#8220;Si estamos hablando de que la tramitaci\u00f3n media de ese documento es de tres meses, el retraso por parte del Concello a la hora de darle traslado, supone un tercio del plazo&#8221;.<\/p>\n<p style=\"text-align: justify;\">Esa circunstancia llev\u00f3 a L\u00f3pez-Chaves a censurar el &#8220;car\u00e1cter laxo&#8221; del Ayuntamiento y exigirle &#8220;la misma agilidad y rapidez de la Xunta&#8221;. &#8220;Nosotros queremos que el proyecto salga adelante. Esperamos que el Concello tambi\u00e9n&#8221;, zanj\u00f3. El delegado incidi\u00f3 adem\u00e1s en que la realizaci\u00f3n del tr\u00e1mite ambiental es &#8220;una obligaci\u00f3n legal&#8221; , indispensable para dotar al plan de toda la &#8220;seguridad jur\u00eddica&#8221;.<\/p>\n<p style=\"text-align: justify;\">&#8220;No es la Xunta la que exige el cumplimiento del tr\u00e1mite de evaluaci\u00f3n ambiental; es la ley&#8221;, remarc\u00f3 L\u00f3pez-Chaves. No cumplir con el proceso medioambiental obligatorio -abund\u00f3 el delegado- tiene &#8220;consecuencias&#8221; que &#8220;se conocen bien&#8221;, apostill\u00f3 en referencia a la reciente anulaci\u00f3n del Plan Xeral de Ordenaci\u00f3n Municipal de 2008, tumbado por el Tribunal Supremo al detectar deficiencias en ese proceso y que oblig\u00f3 a recuperar el del 93.<\/p>\n<p style=\"text-align: justify;\">Seg\u00fan detall\u00f3 Garc\u00eda, el IGVS mantiene la previsi\u00f3n de arrancar las obras de urbanizaci\u00f3n en 2017 con el objetivo de que est\u00e9 a disposici\u00f3n de los promotores a finales de 2018. Garc\u00eda record\u00f3 que se contin\u00faa con la oferta p\u00fablica de adquisici\u00f3n de suelo publicada por el Diario Oficial de Galicia (DOG) el pasado 30 de junio. Este a\u00f1o la Xunta destinar\u00e1 a la adquisici\u00f3n de suelo unos ocho millones de euros, &#8220;cuatro veces m\u00e1s de lo inicialmente previsto&#8221;, concluy\u00f3 Garc\u00eda.<\/p>\n<p style=\"text-align: justify;\">Valoraci\u00f3n radicalmente opuesta hacen desde Praza do Rei. El mi\u00e9rcoles el Gobierno local lamentaba que San Caetano &#8220;ha perdido seis a\u00f1os para ampliar el pol\u00edgono de Navia&#8221; y ahora abocaba al proyecto a &#8220;empezar de cero&#8221;.<\/p>\n<p style=\"text-align: justify;\">El ambicioso proyecto de la Xunta para el pol\u00edgono de San Paio de Navia se present\u00f3 hace algo m\u00e1s de un mes desarrolla 19.000 metros cuadrados sobre los que se plantea edificar 1.597 viviendas protegidas, un millar m\u00e1s que en la planificaci\u00f3n original. De ellas 1.430 se repartir\u00edan en bloques residencias y las restantes ser\u00edan unifamiliares. &#8220;Es el mayor proyecto de vivienda protegida de Galicia&#8221;, anotaron entonces desde la Conseller\u00eda de Infraestruturas e Vivenda.<\/p>\n","protected":false},"excerpt":{"rendered":"<p>&#8220;No hay ning\u00fan retraso, mucho menos voluntario&#8221;, anota Vivenda -Critica que espera el documento ambiental del Concello desde hace un mes y&#8230;<\/p>\n","protected":false},"author":1,"featured_media":825,"comment_status":"open","ping_status":"open","sticky":false,"template":"","format":"standard","meta":[],"categories":[2],"tags":[],"_links":{"self":[{"href":"https:\/\/aproin.com\/index.php\/wp-json\/wp\/v2\/posts\/1097"}],"collection":[{"href":"https:\/\/aproin.com\/index.php\/wp-json\/wp\/v2\/posts"}],"about":[{"href":"https:\/\/aproin.com\/index.php\/wp-json\/wp\/v2\/types\/post"}],"author":[{"embeddable":true,"href":"https:\/\/aproin.com\/index.php\/wp-json\/wp\/v2\/users\/1"}],"replies":[{"embeddable":true,"href":"https:\/\/aproin.com\/index.php\/wp-json\/wp\/v2\/comments?post=1097"}],"version-history":[{"count":1,"href":"https:\/\/aproin.com\/index.php\/wp-json\/wp\/v2\/posts\/1097\/revisions"}],"predecessor-version":[{"id":1098,"href":"https:\/\/aproin.com\/index.php\/wp-json\/wp\/v2\/posts\/1097\/revisions\/1098"}],"wp:featuredmedia":[{"embeddable":true,"href":"https:\/\/aproin.com\/index.php\/wp-json\/wp\/v2\/media\/825"}],"wp:attachment":[{"href":"https:\/\/aproin.com\/index.php\/wp-json\/wp\/v2\/media?parent=1097"}],"wp:term":[{"taxonomy":"category","embeddable":true,"href":"https:\/\/aproin.com\/index.php\/wp-json\/wp\/v2\/categories?post=1097"},{"taxonomy":"post_tag","embeddable":true,"href":"https:\/\/aproin.com\/index.php\/wp-json\/wp\/v2\/tags?post=1097"}],"curies":[{"name":"wp","href":"https:\/\/api.w.org\/{rel}","templated":true}]}}