{"id":1099,"date":"2016-07-15T10:20:25","date_gmt":"2016-07-15T08:20:25","guid":{"rendered":"http:\/\/aproin.com\/?p=1099"},"modified":"2016-07-15T10:20:25","modified_gmt":"2016-07-15T08:20:25","slug":"la-xunta-niega-retrasos-en-navia-y-reafirma-que-arrancara-en-2017","status":"publish","type":"post","link":"https:\/\/aproin.com\/index.php\/la-xunta-niega-retrasos-en-navia-y-reafirma-que-arrancara-en-2017\/","title":{"rendered":"La Xunta niega retrasos en Navia y reafirma que arrancar\u00e1 en 2017"},"content":{"rendered":"<p>Culpa al Concello de entregar un m\u00e9s despu\u00e9s de lo previsto parte de la documentaci\u00f3n necesaria<\/p>\n<p>EUROPA PRESS \u00a0\/ La Voz de Galicia<\/p>\n<p style=\"text-align: justify;\">La Xunta ha rechazado \u00abcateg\u00f3ricamente\u00bb que exista \u00abning\u00fan retraso\u00bb por su parte en la tramitaci\u00f3n y desarrollo del plan parcial de San Paio de Navia como consecuencia de la nueva tramitaci\u00f3n ambiental, y ha redirigido las acusaciones al Ayuntamiento de Vigo, al que culpa de retrasar \u00abm\u00e1s de un mes\u00bb la entrega de este documento a la Administraci\u00f3n auton\u00f3mica.<\/p>\n<p style=\"text-align: justify;\">En una rueda de prensa, el director del Instituto Galego de Vivenda e Solo (IGVS), Herberto Garc\u00eda, ha desmentido las declaraciones del alcalde de Vigo, Abel Caballero, quien hab\u00eda vinculado que la Xunta vuelve \u00aba empezar de cero\u00bb la modificaci\u00f3n del plan parcial de Navia a un posible \u00abc\u00e1lculo\u00bb electoral, y ha afirmado que no existe \u00abning\u00fan retraso, mucho menos voluntario, en la tramitaci\u00f3n\u00bb.<\/p>\n<p style=\"text-align: justify;\">As\u00ed, ha mantenido que la ley del suelo aprobada este a\u00f1o exige que el plan parcial vaya acompa\u00f1ado de la tramitaci\u00f3n ambiental simplificada, si bien ha incidido en que \u00e9sta \u00abes simplificada, m\u00e1s \u00e1gil, r\u00e1pida y mucho m\u00e1s sencilla\u00bb. \u00abReiniciar la tramitaci\u00f3n ambiental son tres meses; es un tr\u00e1mite obligatorio, esencial y mucho m\u00e1s r\u00e1pido que el previsto con la tramitaci\u00f3n anterior\u00bb, ha a\u00f1adido.<\/p>\n<p style=\"text-align: justify;\">Seg\u00fan ha recalcado, esta nueva tramitaci\u00f3n ambiental se sustancia \u00aben tres meses\u00bb, para lo que el IGVS remiti\u00f3 la documentaci\u00f3n al Ayuntamiento, que a su vez \u00abten\u00eda que limitarse a dar su traslado a la Secretar\u00eda Xeral de Calidade e Avaliaci\u00f3n Ambiental\u00bb. No obstante, ha lamentado que \u00abm\u00e1s de un mes despu\u00e9s no hay constancia de la entrada de ese documento en la Xunta para su tramitaci\u00f3n\u00bb.<\/p>\n<p style=\"text-align: justify;\">\u00abSi la tramitaci\u00f3n media de ese documento son tres meses, con el retraso del Ayuntamiento se perdi\u00f3 un mes, un tercio de ese plazo\u00bb, ha apuntado Garc\u00eda, que acto seguido ha ratificado \u00abla voluntad absoluta de la Xunta en el desarrollo lo m\u00e1s \u00e1gil posible del desarrollo de San Paio de Navia, consciente de la necesidad de viviendas protegidas\u00bb en Vigo.<\/p>\n<p style=\"text-align: justify;\">En este sentido, ha reiterado la voluntad del Gobierno gallego de iniciar la obra de urbanizaci\u00f3n en 2017 y terminar el primer pol\u00edgono en 2018, para lo que ha recordado que este mismo a\u00f1o se destinar\u00e1 a la adquisici\u00f3n de suelo un total de 8 millones de euros, \u00abcuatro veces m\u00e1s de lo inicialmente presupuestado\u00bb.<\/p>\n<p style=\"text-align: justify;\"><strong>Tr\u00e1mites<\/strong><br \/>\nEl delegado de la Xunta en Vigo, Ignacio L\u00f3pez-Chaves, ha manifestado que \u00abno es la Xunta la que exige el cumplimiento del tr\u00e1mite de evaluaci\u00f3n ambiental, es la ley\u00bb, y ha remarcado que ya saben las consecuencias del no cumplimiento de los tr\u00e1mites en materia ambiental. \u00abLo conocemos muy bien, porque ocasion\u00f3 la anulaci\u00f3n\u00bb del Plan General de Vigo de 2008, ha apostillado.<\/p>\n<p style=\"text-align: justify;\">En este sentido, tambi\u00e9n ha apuntado que el documento de evaluaci\u00f3n ambiental \u00ablleva en poder del ayuntamiento m\u00e1s de un mes, y no lo ha enviado a la Xunta\u00bb. \u00abEl retraso viene por parte del ayuntamiento\u00bb, ha insistido el delegado, que ha criticado el \u00abcar\u00e1cter laxo\u00bb de la administraci\u00f3n local en lo referente a este tema.<\/p>\n<p style=\"text-align: justify;\">\u00abEsperamos que el Ayuntamiento tenga el mismo inter\u00e9s que la Xunta en sacar esto y no produzca retrasos que impliquen un retraso en la tramitaci\u00f3n\u00bb, ha subrayado, ante lo que Garc\u00eda ha pedido nuevamente la colaboraci\u00f3n del ayuntamiento para \u00abque cumpla sus atribuciones en relaci\u00f3n a la tramitaci\u00f3n del plan parcial\u00bb.<\/p>\n","protected":false},"excerpt":{"rendered":"<p>Culpa al Concello de entregar un m\u00e9s despu\u00e9s de lo previsto parte de la documentaci\u00f3n necesaria EUROPA PRESS \u00a0\/ La Voz de&#8230;<\/p>\n","protected":false},"author":1,"featured_media":1041,"comment_status":"open","ping_status":"open","sticky":false,"template":"","format":"standard","meta":[],"categories":[2],"tags":[],"_links":{"self":[{"href":"https:\/\/aproin.com\/index.php\/wp-json\/wp\/v2\/posts\/1099"}],"collection":[{"href":"https:\/\/aproin.com\/index.php\/wp-json\/wp\/v2\/posts"}],"about":[{"href":"https:\/\/aproin.com\/index.php\/wp-json\/wp\/v2\/types\/post"}],"author":[{"embeddable":true,"href":"https:\/\/aproin.com\/index.php\/wp-json\/wp\/v2\/users\/1"}],"replies":[{"embeddable":true,"href":"https:\/\/aproin.com\/index.php\/wp-json\/wp\/v2\/comments?post=1099"}],"version-history":[{"count":1,"href":"https:\/\/aproin.com\/index.php\/wp-json\/wp\/v2\/posts\/1099\/revisions"}],"predecessor-version":[{"id":1100,"href":"https:\/\/aproin.com\/index.php\/wp-json\/wp\/v2\/posts\/1099\/revisions\/1100"}],"wp:featuredmedia":[{"embeddable":true,"href":"https:\/\/aproin.com\/index.php\/wp-json\/wp\/v2\/media\/1041"}],"wp:attachment":[{"href":"https:\/\/aproin.com\/index.php\/wp-json\/wp\/v2\/media?parent=1099"}],"wp:term":[{"taxonomy":"category","embeddable":true,"href":"https:\/\/aproin.com\/index.php\/wp-json\/wp\/v2\/categories?post=1099"},{"taxonomy":"post_tag","embeddable":true,"href":"https:\/\/aproin.com\/index.php\/wp-json\/wp\/v2\/tags?post=1099"}],"curies":[{"name":"wp","href":"https:\/\/api.w.org\/{rel}","templated":true}]}}