{"id":1206,"date":"2016-09-28T10:40:20","date_gmt":"2016-09-28T08:40:20","guid":{"rendered":"http:\/\/aproin.com\/?p=1206"},"modified":"2016-09-28T10:40:20","modified_gmt":"2016-09-28T08:40:20","slug":"la-venta-de-viviendas-ya-crece-en-mas-de-la-mitad-de-los-municipios-gallegos","status":"publish","type":"post","link":"https:\/\/aproin.com\/index.php\/la-venta-de-viviendas-ya-crece-en-mas-de-la-mitad-de-los-municipios-gallegos\/","title":{"rendered":"La venta de viviendas ya crece en m\u00e1s de la mitad de los municipios gallegos"},"content":{"rendered":"<p style=\"text-align: justify;\">Las grandes \u00e1reas metropolitanas lideran el tir\u00f3n inmobiliario, con alzas del 30 % en Vigo y del 17 % en A Coru\u00f1a<br \/>\nGABRIEL LEMOS \u00a0\u00a0REDACCI\u00d3N \/ La Voz de Galicia<\/p>\n<p>Aunque todav\u00eda lejos de la velocidad de crucero que ya alcanza en las grandes capitales espa\u00f1olas y en la costa mediterr\u00e1nea, el mercado de la vivienda afianza su recuperaci\u00f3n en Galicia, como muestran los datos de transacciones inmobiliarias registradas durante el primer semestre del a\u00f1o que ayer public\u00f3 el Ministerio de Fomento. Entre enero y junio, en la comunidad se vendieron 7.442 viviendas, un 6,6 % m\u00e1s que en los seis primeros meses del 2015, dato que muestra una mejor\u00eda evidente pero a\u00fan sensiblemente inferior a la detectada en el conjunto del pa\u00eds, donde en ese mismo per\u00edodo las compraventas registradas ante notario crecieron un 17,7 %, hasta las 226.751.Una recuperaci\u00f3n que, adem\u00e1s, ya no se limita solo a las grandes ciudades, sino que ti\u00f1e de verde m\u00e1s de la mitad de los municipios gallegos. En 159 de los 314 concellos se vendieron en los primeros seis meses del a\u00f1o m\u00e1s inmuebles que en el mismo per\u00edodo del ejercicio anterior y, de hecho, entre ellos hay 31 que en el 2015, acabado junio, no hab\u00edan conseguido despachar un solo piso o casa y que este a\u00f1o ya registraron alguna transacci\u00f3n inmobiliaria antes de empezar el verano.<br \/>\nEn otros 56, adem\u00e1s, las ventas de vivienda crecieron m\u00e1s de un 100 % -es decir, m\u00e1s del doble-, aunque es cierto que son peque\u00f1os municipios donde el a\u00f1o pasado se registraron pocas operaciones, por lo que cualquier cambio dispara la estad\u00edstica. Es el caso de Oia, donde las ventas aumentan un 600 % con solo siete inmuebles vendidos (frente a la \u00fanica vivienda que cambi\u00f3 de manos en el primer semestre del a\u00f1o pasado). Aunque tambi\u00e9n hay casos destacados como el de Lal\u00edn, donde las 59 operaciones cerradas entre enero y junio duplican de largo las 29 del mismo per\u00edodo del 2015; o Noia, donde se pasa de 12 a 29<\/p>\n<p>Pese a los grandes avances que se registran en estas cabeceras de comarca, el verdadero impulso al mercado inmobiliario hay que buscarlo, de nuevo, en las principales \u00e1reas metropolitanas de la comunidad. Con la \u00fanica excepci\u00f3n de Ferrol, donde el mercado sigue cayendo (un 3,4 %), en las otras seis grandes ciudades crecen las ventas, en todos los casos por encima de la media gallega. Repuntes que van del 8,6 % de Ourense, al 34,1 % de Pontevedra. A Coru\u00f1a se mantiene como el municipio donde se registran m\u00e1s operaciones (992 hasta junio, un 17 % m\u00e1s), aunque el crecimiento es superior en Vigo, donde se vendieron 200 inmuebles m\u00e1s que en el primer semestre del 2015 (879 transacciones, un 29,6 % m\u00e1s). Que tira la demanda se nota no solo en las urbes, sino tambi\u00e9n en los concellos lim\u00edtrofes como Arteixo, Teo o Nigr\u00e1n.<\/p>\n<p><strong>Pero, \u00bfqu\u00e9 pasa en el resto de Galicia?<\/strong> En 41 ayuntamientos, el mercado est\u00e1 en punto muerto, no sube pero tampoco cae, frente a los descensos que se registran en otros 91 en los que s\u00ed se desploman las ventas. Entre estos destacan Foz y Nar\u00f3n, con bajadas del 62 y del 58 %, respectivamente, pese a las agresivas ofertas que se lanzan en la localidad mari\u00f1ana. Claro que peor va la cosa en los 23 concellos en los que no se movi\u00f3 ni un ladrillo en seis meses. De ellos, en 9 hab\u00eda ocurrido lo mismo el a\u00f1o pasado -Cervantes, Negueira de Mu\u00f1iz, Parada de Sil, Pontedeva, Porqueira, Sandi\u00e1s, Xunqueira de Espadanedo, A Arnoia y Dodro (solo estos dos \u00faltimos quedaron a cero en el conjunto del 2015, ya que en los otros hubo alguna venta en el segundo semestre)- mientras que en los otros 14 empeoran los registros del a\u00f1o anterior.<\/p>\n<p><strong>Los expertos, cautos<\/strong><br \/>\nPara Fernando Encinar, de Idealista, los datos muestran cierta normalizaci\u00f3n por la \u00abmejora de la econom\u00eda y la recuperaci\u00f3n de la confianza\u00bb, unida a la apertura del grifo del cr\u00e9dito, argumentos que comparte Beatriz Toribio, de Fotocasa, que sin embargo avanza repuntes \u00abm\u00e1s suaves\u00bb en los pr\u00f3ximos meses y recuerda que \u00aba\u00fan se vende la tercera parte de lo que se vend\u00eda hace diez a\u00f1os\u00bb.<\/p>\n","protected":false},"excerpt":{"rendered":"<p>Las grandes \u00e1reas metropolitanas lideran el tir\u00f3n inmobiliario, con alzas del 30 % en Vigo y del 17 % en A Coru\u00f1a&#8230;<\/p>\n","protected":false},"author":1,"featured_media":1207,"comment_status":"open","ping_status":"open","sticky":false,"template":"","format":"standard","meta":[],"categories":[2],"tags":[],"_links":{"self":[{"href":"https:\/\/aproin.com\/index.php\/wp-json\/wp\/v2\/posts\/1206"}],"collection":[{"href":"https:\/\/aproin.com\/index.php\/wp-json\/wp\/v2\/posts"}],"about":[{"href":"https:\/\/aproin.com\/index.php\/wp-json\/wp\/v2\/types\/post"}],"author":[{"embeddable":true,"href":"https:\/\/aproin.com\/index.php\/wp-json\/wp\/v2\/users\/1"}],"replies":[{"embeddable":true,"href":"https:\/\/aproin.com\/index.php\/wp-json\/wp\/v2\/comments?post=1206"}],"version-history":[{"count":1,"href":"https:\/\/aproin.com\/index.php\/wp-json\/wp\/v2\/posts\/1206\/revisions"}],"predecessor-version":[{"id":1208,"href":"https:\/\/aproin.com\/index.php\/wp-json\/wp\/v2\/posts\/1206\/revisions\/1208"}],"wp:featuredmedia":[{"embeddable":true,"href":"https:\/\/aproin.com\/index.php\/wp-json\/wp\/v2\/media\/1207"}],"wp:attachment":[{"href":"https:\/\/aproin.com\/index.php\/wp-json\/wp\/v2\/media?parent=1206"}],"wp:term":[{"taxonomy":"category","embeddable":true,"href":"https:\/\/aproin.com\/index.php\/wp-json\/wp\/v2\/categories?post=1206"},{"taxonomy":"post_tag","embeddable":true,"href":"https:\/\/aproin.com\/index.php\/wp-json\/wp\/v2\/tags?post=1206"}],"curies":[{"name":"wp","href":"https:\/\/api.w.org\/{rel}","templated":true}]}}