{"id":1229,"date":"2016-10-06T10:50:16","date_gmt":"2016-10-06T08:50:16","guid":{"rendered":"http:\/\/aproin.com\/?p=1229"},"modified":"2016-10-06T10:50:16","modified_gmt":"2016-10-06T08:50:16","slug":"el-arquitecto-vigues-alfonso-penela-asegura-que-el-nuevo-edificio-judicial-tendra-tantos-miradores-como-plantas","status":"publish","type":"post","link":"https:\/\/aproin.com\/index.php\/el-arquitecto-vigues-alfonso-penela-asegura-que-el-nuevo-edificio-judicial-tendra-tantos-miradores-como-plantas\/","title":{"rendered":"El arquitecto vigu\u00e9s Alfonso Penela asegura que el nuevo edificio judicial tendr\u00e1 tantos miradores como plantas"},"content":{"rendered":"<p><em><strong>Ser\u00eda m\u00e1s r\u00e1pido hacerlo nuevo<\/strong><\/p>\n<p>E. V. PITA<br \/>\nVIGO \/ LA VOZ<\/p>\n<p>El arquitecto Alfonso Penela, ganador del concurso de proyectos para adaptar la torre del antiguo Hospital Xeral a la futura Cidade da Xustiza, explic\u00f3 a la prensa al terminar el acto p\u00fablico los detalles de su dise\u00f1o. \u00abLo que hice fue convertir el problema en virtud\u00bb, dice el experto, en relaci\u00f3n a c\u00f3mo salvar el desnivel entre las calles Pizarro y V\u00e1zquez Varela. \u00abHacer un edificio nuevo hubiese sido m\u00e1s r\u00e1pido que rehabitarlo, sin duda\u00bb, a\u00f1ade. Penela ya tiene experiencia en edificios de calado social, como algunos de los centros del campus de As Lagoas-Marcosende (Citexvi, MTI, Econ\u00f3micas) o la nueva sede del Celta en la calle Pr\u00edncipe.<\/p>\n<p><strong>-Una de sus ideas consiste en recuperar un antiguo dep\u00f3sito de agua en la zona alta de la torre. &#8211;<\/strong>Efectivamente, el dep\u00f3sito de agua estuvo arriba porque no hab\u00eda suficiente presi\u00f3n en aquella \u00e9poca, se sub\u00eda el agua y luego se alimentaba. Esa peque\u00f1a pieza ya no existe pero mi idea es recuperarlo como sal\u00f3n especial para la celebraci\u00f3n de actos importantes. Esa pieza es importante para que el edificio todav\u00eda tire un poco m\u00e1s hacia arriba y gane en esbeltez.<\/p>\n<p><strong>-\u00bfNo ser\u00eda posible usar esa atalaya como un mirador privilegiado para que el p\u00fablico pudiese disfrutar de la panor\u00e1mica de la ciudad y la r\u00eda?<\/strong> -Yo creo que va a haber tantos miradores como plantas. El edificio es p\u00fablico, y por tanto accesible. El ciudadano subir\u00e1 a la planta del juzgado que le toque y podr\u00e1 observar el paisaje desde los semic\u00edrculos acristalados que nos lanzar\u00e1 al paisaje. En este edificio hay una atalaya desde cada planta, no hace falta subir a la \u00faltima.<\/p>\n<p><strong>-\u00bfQu\u00e9 tipo de blanco ser\u00e1 el de la fachada?<\/strong> En los planos, parece el blanco nuclear de un iPhone. -Me remito al libro El Pa\u00eds de las Sombras, que habla de la vida de los esquimales y de las sombras alargadas. Ellos distinguen 60 tipos de blanco. -\u00bfD\u00f3nde van los calabozos? -He ido a ver varios calabozos y son duros. Est\u00e1 en la parte de atr\u00e1s, en la calle V\u00e1zquez Varela, donde antes estaba la cafeter\u00eda. Es una entrada para los furgones de la Guardia Civil, en la planta baja de esa misma calle. Habr\u00e1 unos pasillos internos que comunicar\u00e1n con los juzgados.<\/p>\n<p><strong>-\u00bfY los juzgados contar\u00e1n con cafeter\u00eda?<\/strong> Ahora carecen de ella. -La cafeter\u00eda actual desaparece y la nueva estar\u00e1 fuera, en la parte de atr\u00e1s de la plaza, mirando a la puerta principal. Hay toda una serie de casitas que me gustar\u00eda conservar e integrar en el proyecto aunque en principio no estaba. Para crear un velo, un fondo o un escenario que dignifique todo esto se crea aqu\u00ed la cafeter\u00eda y restaurante. En cualquier caso, para no mojarse, he previsto una p\u00e9rgola o soportal que conecta el vest\u00edbulo del edificio con la cafeter\u00eda.<\/p>\n<p><strong>-\u00bfCu\u00e1ntas salas de vistas habr\u00e1?.<\/strong><br \/>\n-M\u00e1s de veinte. Ir\u00e1n ubicadas en un lateral. Los jueces tendr\u00e1n sus despachos conectados con ascensores que bajar\u00e1n a las salas, comunicadas por pasillos.<\/p>\n<p><strong>-\u00bfY la Fiscal\u00eda?<\/strong> -Encima de las salas de juicios.-Una exigencia del concurso era una gran sala para los funcionarios del servicio com\u00fan. -Estar\u00e1 integrada dentro de la pieza polivalente, en la parte de arriba del edificio anexo 2. En esta pieza o proa habr\u00e1 todo un espacio polivalente donde podr\u00e1 suceder lo imprevisible, desde acoger una fiesta de despedida a un juez, una conferencia o lo que los usuarios tengan en mente.<\/p>\n<p><strong>-\u00bfEl dise\u00f1o cumple las exigencias del juzgado de malos tratos?<\/strong> -S\u00ed, tuve en cuenta las condiciones de privacidad, salas para desactivar situaciones tensas, una salita para ni\u00f1os por si en un momento dado hay menores, que tengan un entorno amable.<\/p>\n<p><strong>-Usted pens\u00f3 en todo.<\/strong> -Me lo curr\u00e9, aprendes preguntando mucho.<\/em><\/p>\n","protected":false},"excerpt":{"rendered":"<p>Ser\u00eda m\u00e1s r\u00e1pido hacerlo nuevo E. V. PITA VIGO \/ LA VOZ El arquitecto Alfonso Penela, ganador del concurso de proyectos para&#8230;<\/p>\n","protected":false},"author":1,"featured_media":1230,"comment_status":"open","ping_status":"open","sticky":false,"template":"","format":"standard","meta":[],"categories":[2],"tags":[],"_links":{"self":[{"href":"https:\/\/aproin.com\/index.php\/wp-json\/wp\/v2\/posts\/1229"}],"collection":[{"href":"https:\/\/aproin.com\/index.php\/wp-json\/wp\/v2\/posts"}],"about":[{"href":"https:\/\/aproin.com\/index.php\/wp-json\/wp\/v2\/types\/post"}],"author":[{"embeddable":true,"href":"https:\/\/aproin.com\/index.php\/wp-json\/wp\/v2\/users\/1"}],"replies":[{"embeddable":true,"href":"https:\/\/aproin.com\/index.php\/wp-json\/wp\/v2\/comments?post=1229"}],"version-history":[{"count":1,"href":"https:\/\/aproin.com\/index.php\/wp-json\/wp\/v2\/posts\/1229\/revisions"}],"predecessor-version":[{"id":1231,"href":"https:\/\/aproin.com\/index.php\/wp-json\/wp\/v2\/posts\/1229\/revisions\/1231"}],"wp:featuredmedia":[{"embeddable":true,"href":"https:\/\/aproin.com\/index.php\/wp-json\/wp\/v2\/media\/1230"}],"wp:attachment":[{"href":"https:\/\/aproin.com\/index.php\/wp-json\/wp\/v2\/media?parent=1229"}],"wp:term":[{"taxonomy":"category","embeddable":true,"href":"https:\/\/aproin.com\/index.php\/wp-json\/wp\/v2\/categories?post=1229"},{"taxonomy":"post_tag","embeddable":true,"href":"https:\/\/aproin.com\/index.php\/wp-json\/wp\/v2\/tags?post=1229"}],"curies":[{"name":"wp","href":"https:\/\/api.w.org\/{rel}","templated":true}]}}