{"id":1236,"date":"2016-10-11T11:13:30","date_gmt":"2016-10-11T09:13:30","guid":{"rendered":"http:\/\/aproin.com\/?p=1236"},"modified":"2016-10-11T11:52:35","modified_gmt":"2016-10-11T09:52:35","slug":"un-concurso-de-ideas-decidira-el-futuro-de-la-panificadora","status":"publish","type":"post","link":"https:\/\/aproin.com\/index.php\/un-concurso-de-ideas-decidira-el-futuro-de-la-panificadora\/","title":{"rendered":"Un concurso de ideas decidir\u00e1 el futuro de la Panificadora"},"content":{"rendered":"<p style=\"text-align: justify;\">El Concello lo convocar\u00e1 la semana pr\u00f3xima aunque no haya acuerdo con Zona Franca<\/p>\n<p>JUANMA FUENTES \/ Foto Vanesa Gago<br \/>\nVIGO<\/p>\n<p>El gobierno vigu\u00e9s consider\u00e1 \u00abirreversible\u00bb la recuperaci\u00f3n de la Panificadora y va a iniciar el proceso de inmediato. Para ello, seg\u00fan confirm\u00f3 el alcalde esta ma\u00f1ana, la semana pr\u00f3xima se realizar\u00e1 un concurso de ideas para definir los usos y la transformaci\u00f3n arquitect\u00f3nica del antiguo complejo industrial.Este pronunciamiento de Caballero se produce horas antes de que se re\u00fana la comisi\u00f3n t\u00e9cnica Concello-Zona Franca que busca un acuerdo para impulsar conjuntamente el proyecto. El pacto entre ambas instituciones se presenta dif\u00edcil y el alcalde ha dejado claro que la direcci\u00f3n corresponde en exclusiva al Concello.<\/p>\n","protected":false},"excerpt":{"rendered":"<p>El Concello lo convocar\u00e1 la semana pr\u00f3xima aunque no haya acuerdo con Zona Franca JUANMA FUENTES \/ Foto Vanesa Gago VIGO El&#8230;<\/p>\n","protected":false},"author":1,"featured_media":1238,"comment_status":"open","ping_status":"open","sticky":false,"template":"","format":"standard","meta":[],"categories":[2],"tags":[],"_links":{"self":[{"href":"https:\/\/aproin.com\/index.php\/wp-json\/wp\/v2\/posts\/1236"}],"collection":[{"href":"https:\/\/aproin.com\/index.php\/wp-json\/wp\/v2\/posts"}],"about":[{"href":"https:\/\/aproin.com\/index.php\/wp-json\/wp\/v2\/types\/post"}],"author":[{"embeddable":true,"href":"https:\/\/aproin.com\/index.php\/wp-json\/wp\/v2\/users\/1"}],"replies":[{"embeddable":true,"href":"https:\/\/aproin.com\/index.php\/wp-json\/wp\/v2\/comments?post=1236"}],"version-history":[{"count":3,"href":"https:\/\/aproin.com\/index.php\/wp-json\/wp\/v2\/posts\/1236\/revisions"}],"predecessor-version":[{"id":1241,"href":"https:\/\/aproin.com\/index.php\/wp-json\/wp\/v2\/posts\/1236\/revisions\/1241"}],"wp:featuredmedia":[{"embeddable":true,"href":"https:\/\/aproin.com\/index.php\/wp-json\/wp\/v2\/media\/1238"}],"wp:attachment":[{"href":"https:\/\/aproin.com\/index.php\/wp-json\/wp\/v2\/media?parent=1236"}],"wp:term":[{"taxonomy":"category","embeddable":true,"href":"https:\/\/aproin.com\/index.php\/wp-json\/wp\/v2\/categories?post=1236"},{"taxonomy":"post_tag","embeddable":true,"href":"https:\/\/aproin.com\/index.php\/wp-json\/wp\/v2\/tags?post=1236"}],"curies":[{"name":"wp","href":"https:\/\/api.w.org\/{rel}","templated":true}]}}