{"id":1246,"date":"2016-10-14T11:12:55","date_gmt":"2016-10-14T09:12:55","guid":{"rendered":"http:\/\/aproin.com\/?p=1246"},"modified":"2016-10-14T11:12:55","modified_gmt":"2016-10-14T09:12:55","slug":"la-ciudad-que-construye-penela","status":"publish","type":"post","link":"https:\/\/aproin.com\/index.php\/la-ciudad-que-construye-penela\/","title":{"rendered":"La ciudad que construye Penela"},"content":{"rendered":"<p>El proyecto de Cidade da Xustiza se a\u00f1ade a la larga lista de edificios construido o rehabilitados por el arquitecto, tambi\u00e9n autor de la frustrada reconstrucci\u00f3n de Barrio do Cura. A\u00fan espera que su plan avance.<\/p>\n<p>REDACCI\u00d3N. VIGO LOCALAD@ATLANTICO.NET<\/p>\n<p style=\"text-align: justify;\">El arquitecto Alfonso Penela se ha convertido en el aut\u00e9ntico constructor del Vigo m\u00e1s reciente con la profusi\u00f3n de obras con su estilo y firma, la mayor\u00eda de iniciativa p\u00fablica aunque con excepciones llamativas. Los dos \u00faltimos encargos han sido quiz\u00e1 los m\u00e1s conocidos, la sede del Celta por reforma integral del edificio del C\u00edrculo Mercantil, en ejecuci\u00f3n, y la transformaci\u00f3n del antiguo Xeral en la nueva Cidade da Xustiza, que supondr\u00e1 una inversi\u00f3n de unos 25 millones de euros a cuenta de la Xunta y 2019 como meta.<br \/>\nPero su lista de actuaciones en el \u00e1mbito p\u00fablico es mucho m\u00e1s larga e incluye obras para Zona Franca, Xunta, Concello de Vigo y sobre todo la Universidad de Vigo. Para el consorcio, la rehabilitaci\u00f3n del edificio Arte, en la Plaza de la Constituci\u00f3n, para su entrega a la conseller\u00eda de Sanidad como centro de salud del Casco Vello.<br \/>\nPara la Xunta tambi\u00e9n levant\u00f3 el centro de salud de Coia y la piscina de Cangas. Lleva la firma de Penela adem\u00e1s la reforma integral del edificio Arines, el m\u00e1s antiguo de la ciudad, por encargo del ayuntamiento vigu\u00e9s para sede del Instituto Camoens, la primera obra relevante de mejora del Casco Vello, entonces con fondos europeos del Plan Urban.<br \/>\nPara la Universidad de Vigo, el gran cliente de Penela, al menos siete grandes edificios en el Campus central, todos con la marca de autor: las oficinas administrativas del Rectorado, las residencias universitarias, el Centro Tecnol\u00f3gico (Citexvi), el Centro de Investigaci\u00f3n Biom\u00e9dica (Cinbio), el m\u00f3dulo de investigaci\u00f3n denominado MTI, y las facultades de Econ\u00f3micas y Ciencias Jur\u00eddicas, que conforman el cogollo esencial del espacio universitario de Lagoas-Marcosende.<br \/>\nEn el \u00e1mbito privado hay que a\u00f1adir la nave central de Elevadores del noroeste (Enor) en el Parque Tecnol\u00f3gico de Zona Franca. Pero sobre todo el resto de actuaciones y reformas realizadas y en proyecto, su Plan Especial para el Barrio do Cura, que se plante\u00f3 como el mayor proyecto de transformaci\u00f3n del centro urbano, y tambi\u00e9n su mayor frustraci\u00f3n, y la de toda la ciudad.<br \/>\n\u00c9l mismo reconoce que se trata de una obra en la que ha trabajado mucho. \u201cLlevo doce a\u00f1os y hemos hecho un par de presentaciones (una en marzo de 2010, con la maqueta, el gobierno local y los promotores), pero primero por una causas y ahora por la anulaci\u00f3n del Plan General no ha salido adelante y se ha parado todo\u201d, explicaba tras conocer que hab\u00eda ganado el concurso de ideas de la Cidade da Xustiza.<br \/>\nNo quiere opinar sobre si podr\u00e1 continuar adelante con el proyecto, bien con la misma propiedad o con otro titular o si se trata de una actuaci\u00f3n de la que hay que olvidarse, aunque mantiene la plena vigencia de su proyecto, que contemplaba entre otros aspectos extender el mirador del Paseo de Alfonso XII y sobre todo, unir el entorno de la Panificadora, el Casco Vello y O Berb\u00e9s en una pieza coherente. Hab\u00eda edificios llamativos y plazas e incluso se manten\u00eda finalmente la fachada del antiguo asilo, de estilo neog\u00f3tico, integr\u00e1ndose en el entorno.<br \/>\nAlgo que lamenta es la lentitud con que se han desarrollado buena parte de sus obras, con una media de siete a\u00f1os de gesti\u00f3n hasta su finalizaci\u00f3n. Barrio do Cura supera todos los r\u00e9cords.<\/p>\n","protected":false},"excerpt":{"rendered":"<p>El proyecto de Cidade da Xustiza se a\u00f1ade a la larga lista de edificios construido o rehabilitados por el arquitecto, tambi\u00e9n autor&#8230;<\/p>\n","protected":false},"author":1,"featured_media":1230,"comment_status":"open","ping_status":"open","sticky":false,"template":"","format":"standard","meta":[],"categories":[2],"tags":[],"_links":{"self":[{"href":"https:\/\/aproin.com\/index.php\/wp-json\/wp\/v2\/posts\/1246"}],"collection":[{"href":"https:\/\/aproin.com\/index.php\/wp-json\/wp\/v2\/posts"}],"about":[{"href":"https:\/\/aproin.com\/index.php\/wp-json\/wp\/v2\/types\/post"}],"author":[{"embeddable":true,"href":"https:\/\/aproin.com\/index.php\/wp-json\/wp\/v2\/users\/1"}],"replies":[{"embeddable":true,"href":"https:\/\/aproin.com\/index.php\/wp-json\/wp\/v2\/comments?post=1246"}],"version-history":[{"count":1,"href":"https:\/\/aproin.com\/index.php\/wp-json\/wp\/v2\/posts\/1246\/revisions"}],"predecessor-version":[{"id":1247,"href":"https:\/\/aproin.com\/index.php\/wp-json\/wp\/v2\/posts\/1246\/revisions\/1247"}],"wp:featuredmedia":[{"embeddable":true,"href":"https:\/\/aproin.com\/index.php\/wp-json\/wp\/v2\/media\/1230"}],"wp:attachment":[{"href":"https:\/\/aproin.com\/index.php\/wp-json\/wp\/v2\/media?parent=1246"}],"wp:term":[{"taxonomy":"category","embeddable":true,"href":"https:\/\/aproin.com\/index.php\/wp-json\/wp\/v2\/categories?post=1246"},{"taxonomy":"post_tag","embeddable":true,"href":"https:\/\/aproin.com\/index.php\/wp-json\/wp\/v2\/tags?post=1246"}],"curies":[{"name":"wp","href":"https:\/\/api.w.org\/{rel}","templated":true}]}}