{"id":1263,"date":"2016-10-24T11:07:19","date_gmt":"2016-10-24T09:07:19","guid":{"rendered":"http:\/\/aproin.com\/?p=1263"},"modified":"2016-10-24T11:07:19","modified_gmt":"2016-10-24T09:07:19","slug":"baiona-creara-una-bolsa-de-viviendas-con-los-inmuebles-vacios","status":"publish","type":"post","link":"https:\/\/aproin.com\/index.php\/baiona-creara-una-bolsa-de-viviendas-con-los-inmuebles-vacios\/","title":{"rendered":"Baiona crear\u00e1 una bolsa de viviendas con los inmuebles vac\u00edos"},"content":{"rendered":"<p><em>Este convenio fijar\u00e1 un precio m\u00e1ximo de la renta del alquiler de 300 euros, y la cuant\u00eda vendr\u00e1 determinada por las caracter\u00edsticas de la propia vivienda y por las circunstancias particulares de los beneficiarios<\/em><\/p>\n<p><span style=\"text-decoration: underline;\">Redacci\u00f3n Vigo\u00e9<\/span><\/p>\n<p style=\"text-align: justify;\">El Concello de Baiona someter\u00e1 al pleno el pr\u00f3ximo jueves la adhesi\u00f3n al convenio de colaboraci\u00f3n entre el Instituto Galego de Vivenda e Solo y la Federaci\u00f3n Galega de Municipios y Provincias para el desarrollo del programa de viviendas vac\u00edas en el \u00e1mbito del plan gallego de rehabilitaci\u00f3n alquiler y mejora de acceso a la vivienda 2015-2020.<\/p>\n<p style=\"text-align: justify;\">La incorporaci\u00f3n ha dicho convenio ha sido propuesta desde la Concejal\u00eda de Bienestar, por lo que contar\u00e1 con los votos a favor de equipo de gobierno.<\/p>\n<p style=\"text-align: justify;\">Este acuerdo pretende facilitar el acceso a una vivienda a las personas que, por circunstancias econ\u00f3micas, personales o familiares se encuentran en situaciones de dificultad. Una iniciativa que har\u00e1 de un conjunto de viviendas desocupadas, una bolsa de viviendas sociales.<br \/>\nEl objetivo prioritario de esta medida es crear una bolsa de viviendas vac\u00edas para alquiler social, incorporando las viviendas de organismos, particulares y empresas que no se encuentren habitadas contando, para esto, con la colaboraci\u00f3n de la administraci\u00f3n local.<\/p>\n<p style=\"text-align: justify;\">Este convenio fijar\u00e1 un precio m\u00e1ximo de la renta del alquiler de 300 euros, y la cuant\u00eda vendr\u00e1 determinada por las caracter\u00edsticas de la propia vivienda y por las circunstancias particulares de los beneficiarios.<\/p>\n<p style=\"text-align: justify;\">La conselleira de bienestar del Concello de Baiona, M\u00aa Carmen Paredes, explic\u00f3 que se trata de que el alquiler resulte de inter\u00e9s, tanto para el arrendador c\u00f3mo para el arrendatario: que al propietario le compense incorporar la vivienda vac\u00eda a este programa por la renta que va a recibir y que el beneficiario pague un alquiler asequible que es compatible, adem\u00e1s, con otras ayudas que pueda percibir, tanto del Concello, como de la Xunta de Galicia.<\/p>\n<p style=\"text-align: justify;\">Las viviendas que se incorporan a este programa estar\u00e1n doblemente aseguradas por la Xunta, ya que se financian un seguro multirriesgo del hogar y otro de garant\u00eda de cobro de la renta, con asistencia y defensa jur\u00eddica, para dar seguridad y tranquilidad a los arrendatarios. Estos seguros ofrecen garant\u00edas y blindan al propietario, que ve como el piso que cede en alquiler para ayudar a las familias est\u00e1 totalmente asegurado.<\/p>\n<p style=\"text-align: justify;\">Hasta ahora ya se han adherido al programa numerosos municipios de la provincia y de la comunidad gallega.<\/p>\n","protected":false},"excerpt":{"rendered":"<p>Este convenio fijar\u00e1 un precio m\u00e1ximo de la renta del alquiler de 300 euros, y la cuant\u00eda vendr\u00e1 determinada por las caracter\u00edsticas&#8230;<\/p>\n","protected":false},"author":1,"featured_media":1264,"comment_status":"open","ping_status":"open","sticky":false,"template":"","format":"standard","meta":[],"categories":[2],"tags":[],"_links":{"self":[{"href":"https:\/\/aproin.com\/index.php\/wp-json\/wp\/v2\/posts\/1263"}],"collection":[{"href":"https:\/\/aproin.com\/index.php\/wp-json\/wp\/v2\/posts"}],"about":[{"href":"https:\/\/aproin.com\/index.php\/wp-json\/wp\/v2\/types\/post"}],"author":[{"embeddable":true,"href":"https:\/\/aproin.com\/index.php\/wp-json\/wp\/v2\/users\/1"}],"replies":[{"embeddable":true,"href":"https:\/\/aproin.com\/index.php\/wp-json\/wp\/v2\/comments?post=1263"}],"version-history":[{"count":1,"href":"https:\/\/aproin.com\/index.php\/wp-json\/wp\/v2\/posts\/1263\/revisions"}],"predecessor-version":[{"id":1265,"href":"https:\/\/aproin.com\/index.php\/wp-json\/wp\/v2\/posts\/1263\/revisions\/1265"}],"wp:featuredmedia":[{"embeddable":true,"href":"https:\/\/aproin.com\/index.php\/wp-json\/wp\/v2\/media\/1264"}],"wp:attachment":[{"href":"https:\/\/aproin.com\/index.php\/wp-json\/wp\/v2\/media?parent=1263"}],"wp:term":[{"taxonomy":"category","embeddable":true,"href":"https:\/\/aproin.com\/index.php\/wp-json\/wp\/v2\/categories?post=1263"},{"taxonomy":"post_tag","embeddable":true,"href":"https:\/\/aproin.com\/index.php\/wp-json\/wp\/v2\/tags?post=1263"}],"curies":[{"name":"wp","href":"https:\/\/api.w.org\/{rel}","templated":true}]}}