{"id":1503,"date":"2017-03-10T13:36:40","date_gmt":"2017-03-10T12:36:40","guid":{"rendered":"http:\/\/aproin.com\/?p=1503"},"modified":"2017-03-10T13:36:40","modified_gmt":"2017-03-10T12:36:40","slug":"feijoo-pide-aparcar-las-luchas-esteriles-para-recuperar-el-sector-de-la-construccion","status":"publish","type":"post","link":"https:\/\/aproin.com\/index.php\/feijoo-pide-aparcar-las-luchas-esteriles-para-recuperar-el-sector-de-la-construccion\/","title":{"rendered":"Feij\u00f3o pide &#8220;aparcar las luchas est\u00e9riles&#8221; para recuperar el sector de la construcci\u00f3n"},"content":{"rendered":"<p>Subraya en la entrega de premios de Aproin que la Xunta ha dotado a Vigo de leyes para desbloquear el urbanismo -Garrido insta a las Administraciones a &#8220;hacer sus deberes&#8221;<\/p>\n<p>Andrea Mari\u00f1o \/ Faro de Vigo<\/p>\n<p style=\"text-align: justify;\">\nLa Asociaci\u00f3n de Promotores Inmobiliarios (Aproin) cumpli\u00f3 ayer con la tradici\u00f3n y entreg\u00f3 sus XXIII premios anuales en un acto presidido por el presidente de la Xunta, Alberto N\u00fa\u00f1ez Feij\u00f3o. Unas doscientas personas asistieron a la entrega del galard\u00f3n Aproin 2016 al Grupo Inmobiliario Laxas por su promoci\u00f3n de viviendas de la calle Mantelas y al grupo Viqueira por su mejora de la imagen del sector inmobiliario, presentados por el presidente del jurado, el Valedor do Cidad\u00e1n, Luis Espada.<\/p>\n<p style=\"text-align: justify;\">Tras los galardones, Feij\u00f3o mostr\u00f3 su apoyo al sector, que concret\u00f3 con su presencia en la gala de Aproin durante la \u00faltima d\u00e9cada. En su discurso, m\u00e1s breve que en otras ocasiones por la coincidencia del acto con el partido del Celta, el presidente subray\u00f3 que &#8220;el planeamiento es muy complejo, especialmente en Vigo, pero hay s\u00edntomas de recuperaci\u00f3n que se pueden confirmar en los pr\u00f3ximos tiempos&#8221;. As\u00ed, precis\u00f3 que la Xunta ha puesto en marcha leyes para desbloquear el urbanismo vigu\u00e9s como la Ley 3\/2016 y, recientemente, la norma 2\/2017 dentro de la ley de acompa\u00f1amiento de los presupuestos. &#8220;Son instrumentos para reforzar la seguridad jur\u00eddica en el sector y hemos hecho ya todo lo legalmente posible para avanzar y recuperar un sector econ\u00f3mico clave&#8221;, asegur\u00f3.<\/p>\n<p style=\"text-align: justify;\">&#8220;No podemos permitirnos quedarnos parados por luchas pol\u00edticas est\u00e9riles y falta de objetivos claros para poder recuperar el sector de la construcci\u00f3n&#8221;, afirm\u00f3 Feij\u00f3o, quien cit\u00f3 actuaciones en Vigo del Gobierno que preside como las inversiones en el Casco Vello a trav\u00e9s del Consorcio, las 60 viviendas p\u00fablicas que se iniciar\u00e1n este mismo a\u00f1o en las calles Cambeses y Chantada, la Ciudad de la Justicia en el antiguo hospital Xeral, la estaci\u00f3n intermodal dentro de la de ADIF o las 1.600 viviendas proyectadas para ampliar el pol\u00edgono de Navia donde &#8220;la Xunta ha invertido cien millones de euros solo en comprar suelo&#8221;.<\/p>\n<p style=\"text-align: justify;\">El presidente de Aproin, Javier Garrido, tambi\u00e9n hizo referencia a la aprobaci\u00f3n de las leyes urban\u00edsticas por parte de la Xunta y solicit\u00f3 que &#8220;las administraciones hagan sus deberes, como los hemos hecho en el sector&#8221;.<\/p>\n<p style=\"text-align: justify;\">Durante su alocuci\u00f3n, Garrido record\u00f3 que la anulaci\u00f3n del Plan General vigu\u00e9s, hace un a\u00f1o, &#8220;entorpeci\u00f3 una recuperaci\u00f3n que s\u00ed se comienza a ver en otros sitios&#8221;, y por este motivo agradeci\u00f3 la puesta en marcha de estas nuevas normas urban\u00edsticas que, a su juicio, promover\u00e1n la creaci\u00f3n de empleo. &#8220;Por el amplio n\u00famero de proyectos en los que se pueden aplicar estas dos leyes, ser\u00e1 dif\u00edcil que cualquier proyecto que pueda plantearse no pueda tramitarse y aprobarse a trav\u00e9s de ellas&#8221;, dio por hecho Garrido, que remarc\u00f3 que estas herramientas &#8220;tampoco permiten olvidarse del PXOM, pero las actuaciones pueden ser paralelas a su tramitaci\u00f3n&#8221;.<\/p>\n","protected":false},"excerpt":{"rendered":"<p>Subraya en la entrega de premios de Aproin que la Xunta ha dotado a Vigo de leyes para desbloquear el urbanismo -Garrido&#8230;<\/p>\n","protected":false},"author":1,"featured_media":1504,"comment_status":"open","ping_status":"open","sticky":false,"template":"","format":"standard","meta":[],"categories":[1,2],"tags":[],"_links":{"self":[{"href":"https:\/\/aproin.com\/index.php\/wp-json\/wp\/v2\/posts\/1503"}],"collection":[{"href":"https:\/\/aproin.com\/index.php\/wp-json\/wp\/v2\/posts"}],"about":[{"href":"https:\/\/aproin.com\/index.php\/wp-json\/wp\/v2\/types\/post"}],"author":[{"embeddable":true,"href":"https:\/\/aproin.com\/index.php\/wp-json\/wp\/v2\/users\/1"}],"replies":[{"embeddable":true,"href":"https:\/\/aproin.com\/index.php\/wp-json\/wp\/v2\/comments?post=1503"}],"version-history":[{"count":1,"href":"https:\/\/aproin.com\/index.php\/wp-json\/wp\/v2\/posts\/1503\/revisions"}],"predecessor-version":[{"id":1505,"href":"https:\/\/aproin.com\/index.php\/wp-json\/wp\/v2\/posts\/1503\/revisions\/1505"}],"wp:featuredmedia":[{"embeddable":true,"href":"https:\/\/aproin.com\/index.php\/wp-json\/wp\/v2\/media\/1504"}],"wp:attachment":[{"href":"https:\/\/aproin.com\/index.php\/wp-json\/wp\/v2\/media?parent=1503"}],"wp:term":[{"taxonomy":"category","embeddable":true,"href":"https:\/\/aproin.com\/index.php\/wp-json\/wp\/v2\/categories?post=1503"},{"taxonomy":"post_tag","embeddable":true,"href":"https:\/\/aproin.com\/index.php\/wp-json\/wp\/v2\/tags?post=1503"}],"curies":[{"name":"wp","href":"https:\/\/api.w.org\/{rel}","templated":true}]}}