{"id":1506,"date":"2017-03-15T10:12:22","date_gmt":"2017-03-15T09:12:22","guid":{"rendered":"http:\/\/aproin.com\/?p=1506"},"modified":"2017-03-15T10:12:22","modified_gmt":"2017-03-15T09:12:22","slug":"desayuno-de-trabajo-con-asefa","status":"publish","type":"post","link":"https:\/\/aproin.com\/index.php\/desayuno-de-trabajo-con-asefa\/","title":{"rendered":"DESAYUNO DE TRABAJO CON ASEFA"},"content":{"rendered":"<p>Tenemos el gusto de invitarte a la Jornada \u201cPatolog\u00edas m\u00e1s comunes en rehabilitaciones. Casos reales y soluciones.\u201d\u00a0 promovida por esta Asociaci\u00f3n, y organizada por nuestra empresa colaboradora <strong>ASEFA<\/strong>, que tendr\u00e1 lugar el pr\u00f3ximo jueves 16 de marzo en el C\u00edrculo de Empresarios de Galicia.<\/p>\n<p>Consideramos de gran importancia informar sobre las patolog\u00edas m\u00e1s frecuentes y graves que suelen afectar a las obras de construcci\u00f3n, tanto nuevas como de rehabilitaci\u00f3n, con la exposici\u00f3n de casos reales, as\u00ed como de los seguros disponibles para que las obras ya finalizadas queden debidamente garantizadas frente a los propietarios.<\/p>\n<p>El an\u00e1lisis de estas cuestiones constituir\u00e1 el objeto de la Jornada que se organiza seg\u00fan el siguiente programa:<\/p>\n<table>\n<tbody>\n<tr>\n<td width=\"101\"><\/td>\n<\/tr>\n<tr>\n<td><\/td>\n<td width=\"773\">\n<table style=\"height: 398px;\" width=\"615\">\n<tbody>\n<tr>\n<td><strong><u>\u00a0<\/u><\/strong><\/p>\n<p><strong><u>T\u00edtulo:<\/u><\/strong><strong>\u00a0 \u00a0\u201c<em><u>PATOLOGIAS MAS COMUNES EN REHABILITACIONES. CASOS REALES Y SOLUCIONES\u201d<\/u><\/em><\/strong><\/p>\n<p><strong><u>\u00a0<\/u><\/strong><\/p>\n<p><strong><u>Ponente:<\/u><\/strong><strong>\u00a0D. Daniel Agut<\/strong><\/p>\n<p>Licenciado en Ciencias Geol\u00f3gicas e Ingeniero Ge\u00f3logo. Director de producto de Asefa.<\/p>\n<p><strong><u>Fecha:<\/u><\/strong>\u00a0\u00a0\u00a0\u00a0\u00a0\u00a0\u00a0\u00a0\u00a0\u00a0\u00a0\u00a0\u00a0\u00a0\u00a0 mi\u00e9rcoles, 16 de marzo de 2017<\/p>\n<p><strong><u>Hora:<\/u><\/strong>\u00a0\u00a0\u00a0\u00a0\u00a0\u00a0\u00a0\u00a0\u00a0\u00a0\u00a0\u00a0\u00a0\u00a0\u00a0\u00a0\u00a0 9.30 h a 10.30 h<\/p>\n<p><strong><u>Lugar:<\/u><\/strong><strong>\u00a0\u00a0\u00a0\u00a0\u00a0\u00a0\u00a0\u00a0\u00a0\u00a0\u00a0\u00a0\u00a0\u00a0\u00a0\u00a0 <\/strong>C\u00edrculo de Empresarios de Galicia<\/td>\n<\/tr>\n<\/tbody>\n<\/table>\n<\/td>\n<\/tr>\n<\/tbody>\n<\/table>\n<p><strong>Si est\u00e1s interesado en asistir, debes remitir por correo electr\u00f3nico o llamando al 986 443440 nombre, apellidos y empresa. <\/strong><\/p>\n<p>Esperando contar con tu presencia y con la del personal de tu empresa que consideres deba estar al corriente en estas cuestiones.<\/p>\n<p>Un cordial saludo,<\/p>\n<p>&nbsp;<\/p>\n<p>&nbsp;<\/p>\n","protected":false},"excerpt":{"rendered":"<p>Tenemos el gusto de invitarte a la Jornada \u201cPatolog\u00edas m\u00e1s comunes en rehabilitaciones. Casos reales y soluciones.\u201d\u00a0 promovida por esta Asociaci\u00f3n, y&#8230;<\/p>\n","protected":false},"author":1,"featured_media":1507,"comment_status":"open","ping_status":"open","sticky":false,"template":"","format":"standard","meta":[],"categories":[1],"tags":[],"_links":{"self":[{"href":"https:\/\/aproin.com\/index.php\/wp-json\/wp\/v2\/posts\/1506"}],"collection":[{"href":"https:\/\/aproin.com\/index.php\/wp-json\/wp\/v2\/posts"}],"about":[{"href":"https:\/\/aproin.com\/index.php\/wp-json\/wp\/v2\/types\/post"}],"author":[{"embeddable":true,"href":"https:\/\/aproin.com\/index.php\/wp-json\/wp\/v2\/users\/1"}],"replies":[{"embeddable":true,"href":"https:\/\/aproin.com\/index.php\/wp-json\/wp\/v2\/comments?post=1506"}],"version-history":[{"count":1,"href":"https:\/\/aproin.com\/index.php\/wp-json\/wp\/v2\/posts\/1506\/revisions"}],"predecessor-version":[{"id":1508,"href":"https:\/\/aproin.com\/index.php\/wp-json\/wp\/v2\/posts\/1506\/revisions\/1508"}],"wp:featuredmedia":[{"embeddable":true,"href":"https:\/\/aproin.com\/index.php\/wp-json\/wp\/v2\/media\/1507"}],"wp:attachment":[{"href":"https:\/\/aproin.com\/index.php\/wp-json\/wp\/v2\/media?parent=1506"}],"wp:term":[{"taxonomy":"category","embeddable":true,"href":"https:\/\/aproin.com\/index.php\/wp-json\/wp\/v2\/categories?post=1506"},{"taxonomy":"post_tag","embeddable":true,"href":"https:\/\/aproin.com\/index.php\/wp-json\/wp\/v2\/tags?post=1506"}],"curies":[{"name":"wp","href":"https:\/\/api.w.org\/{rel}","templated":true}]}}