{"id":2010,"date":"2017-09-27T10:08:32","date_gmt":"2017-09-27T08:08:32","guid":{"rendered":"http:\/\/aproin.com\/?p=2010"},"modified":"2017-09-27T10:08:32","modified_gmt":"2017-09-27T08:08:32","slug":"la-recuperacion-del-sector-inmobiliario-sobre-la-mesa","status":"publish","type":"post","link":"https:\/\/aproin.com\/index.php\/la-recuperacion-del-sector-inmobiliario-sobre-la-mesa\/","title":{"rendered":"La recuperaci\u00f3n del sector inmobiliario, sobre la mesa."},"content":{"rendered":"<p>Atl\u00e1ntico Diario \/ Redacci\u00f3n<\/p>\n<p>La recuperaci\u00f3n del sector inmobiliario y sus expectativas de futuro fueron el eje de una jornada que organiz\u00f3 ayer la asociaci\u00f3n Aproin en el C\u00edrculo de Empresarios de Galicia. Durante la sesi\u00f3n se present\u00f3 <a href=\"https:\/\/walicia.com\/\"><strong>Walicia<\/strong><\/a>, el nuevo portal inmobiliario cien por cien gallego que basa su estrategia en la cercan\u00eda al sector, la especializaci\u00f3n en la comunidad y en el estudio de las prioridades de los usuarios.<\/p>\n<p>&nbsp;<\/p>\n","protected":false},"excerpt":{"rendered":"<p>Atl\u00e1ntico Diario \/ Redacci\u00f3n La recuperaci\u00f3n del sector inmobiliario y sus expectativas de futuro fueron el eje de una jornada que organiz\u00f3&#8230;<\/p>\n","protected":false},"author":1,"featured_media":2011,"comment_status":"open","ping_status":"open","sticky":false,"template":"","format":"standard","meta":[],"categories":[2],"tags":[],"_links":{"self":[{"href":"https:\/\/aproin.com\/index.php\/wp-json\/wp\/v2\/posts\/2010"}],"collection":[{"href":"https:\/\/aproin.com\/index.php\/wp-json\/wp\/v2\/posts"}],"about":[{"href":"https:\/\/aproin.com\/index.php\/wp-json\/wp\/v2\/types\/post"}],"author":[{"embeddable":true,"href":"https:\/\/aproin.com\/index.php\/wp-json\/wp\/v2\/users\/1"}],"replies":[{"embeddable":true,"href":"https:\/\/aproin.com\/index.php\/wp-json\/wp\/v2\/comments?post=2010"}],"version-history":[{"count":1,"href":"https:\/\/aproin.com\/index.php\/wp-json\/wp\/v2\/posts\/2010\/revisions"}],"predecessor-version":[{"id":2012,"href":"https:\/\/aproin.com\/index.php\/wp-json\/wp\/v2\/posts\/2010\/revisions\/2012"}],"wp:featuredmedia":[{"embeddable":true,"href":"https:\/\/aproin.com\/index.php\/wp-json\/wp\/v2\/media\/2011"}],"wp:attachment":[{"href":"https:\/\/aproin.com\/index.php\/wp-json\/wp\/v2\/media?parent=2010"}],"wp:term":[{"taxonomy":"category","embeddable":true,"href":"https:\/\/aproin.com\/index.php\/wp-json\/wp\/v2\/categories?post=2010"},{"taxonomy":"post_tag","embeddable":true,"href":"https:\/\/aproin.com\/index.php\/wp-json\/wp\/v2\/tags?post=2010"}],"curies":[{"name":"wp","href":"https:\/\/api.w.org\/{rel}","templated":true}]}}