{"id":2024,"date":"2017-09-29T10:42:49","date_gmt":"2017-09-29T08:42:49","guid":{"rendered":"http:\/\/aproin.com\/?p=2024"},"modified":"2017-09-29T10:42:49","modified_gmt":"2017-09-29T08:42:49","slug":"consorcio-casco-vello-suma-el-sexto-edificio-en-o-berbes","status":"publish","type":"post","link":"https:\/\/aproin.com\/index.php\/consorcio-casco-vello-suma-el-sexto-edificio-en-o-berbes\/","title":{"rendered":"Consorcio Casco Vello suma el sexto edificio en O Berb\u00e9s"},"content":{"rendered":"<p>Compra por 255.000 euros el n\u00famero 7 de la plaza lo que eleva la inversi\u00f3n a 1,7 millones<\/p>\n<p>De los seis edificios que ha comprado en O Berb\u00e9s el Consorcio del Casco Vello, tres se han cedido a la Universidad para su sede.<\/p>\n<p>REDACCI\u00d3N. VIGO LOCALAD@ATLANTICO.NET<\/p>\n<p style=\"text-align: justify;\">\nEl comit\u00e9 ejecutivo del Consorcio Casco Vello de Vigo, participado en un 90% por la Xunta y en un 10% por el Concello, autoriz\u00f3 ayer la compra de un nuevo edificio en la Ribeira de O Berb\u00e9s, concretamente en el n\u00famero 7. Una operaci\u00f3n de 255.000 euros, que se encuadra en el objetivo del ente rehabilitador de recuperar el frente mar\u00edtimo y que supone la adquisici\u00f3n del sexto inmueble en esta zona del barrio hist\u00f3rico vigu\u00e9s, con una inversi\u00f3n en conjunto que supera los 1,7 millones de euros.<br \/>\nEn muy mal estado de conservaci\u00f3n, la superficie total de este inmueble en la actualidad es de 544 metros cuadrados, distribuidos en planta baja comercial y tres pisos destinados la vivienda. Asentado sobre una parcela de 126,83 metros cuadrados con fachada a la citada plaza de O Berb\u00e9s, conserva el caracter\u00edstico soportal de las viviendas, con un arco portante de medio punto.<br \/>\nDe acuerdo con su ficha del Plan Especial de Protecci\u00f3n y Reforma Interior del Casco V\u00e9selo (PEPRI) cuenta con un nivel de inter\u00e9s arquitect\u00f3nico medio, de inter\u00e9s hist\u00f3rico alto y de inter\u00e9s urban\u00edstico muy alto. El mismo documento establece como elementos a conservar las fachadas de piedra de la construcci\u00f3n original, as\u00ed como la necesidad de restituir distintos elementos que fueron suprimidos en las reformas a las que se vio sometido. Este es el caso de las carpinter\u00edas exteriores de madera.<br \/>\nAs\u00ed lo confirm\u00f3 el delegado de la Xunta en Vigo y presidente del CCVV, quien indic\u00f3 que los futuros usos de este edificio est\u00e1n a\u00fan por definir. En este sentido, Ignacio L\u00f3pez-Chaves hizo hincapi\u00e9 en el compromiso adquirido en su d\u00eda por el presidente de la Xunta, Alberto N\u00fa\u00f1ez Feij\u00f3o, hacia la recuperaci\u00f3n y dinamizaci\u00f3n del frente mar\u00edtimo del Casco Vello de Vigo, y tras la importante intervenci\u00f3n que ha hecho hasta ahora el ente rehabilitador en la parte alta.<br \/>\nSeg\u00fan dijo, atendiendo s\u00f3lo a la Ribeira de O Berb\u00e9s, el Consorcio Casco Vello de Vigo lleva invertidos m\u00e1s de 1,7 millones de euros en la compra de seis edificios, tres de ellos cedidos a la Universidad de Vigo. Cifra que L\u00f3pez-Chaves elev\u00f3 por encima de los 3 millones de euros al incluir en ella los 1,5 millones que a mayores aportar\u00e1 la Conseller\u00eda de Cultura, Educaci\u00f3n y Ordenaci\u00f3n Universitaria para la construcci\u00f3n de la que ser\u00e1 la sede de la instituci\u00f3n acad\u00e9mica en el barrio hist\u00f3rico.<\/p>\n","protected":false},"excerpt":{"rendered":"<p>Compra por 255.000 euros el n\u00famero 7 de la plaza lo que eleva la inversi\u00f3n a 1,7 millones De los seis edificios&#8230;<\/p>\n","protected":false},"author":1,"featured_media":1294,"comment_status":"open","ping_status":"open","sticky":false,"template":"","format":"standard","meta":[],"categories":[2],"tags":[],"_links":{"self":[{"href":"https:\/\/aproin.com\/index.php\/wp-json\/wp\/v2\/posts\/2024"}],"collection":[{"href":"https:\/\/aproin.com\/index.php\/wp-json\/wp\/v2\/posts"}],"about":[{"href":"https:\/\/aproin.com\/index.php\/wp-json\/wp\/v2\/types\/post"}],"author":[{"embeddable":true,"href":"https:\/\/aproin.com\/index.php\/wp-json\/wp\/v2\/users\/1"}],"replies":[{"embeddable":true,"href":"https:\/\/aproin.com\/index.php\/wp-json\/wp\/v2\/comments?post=2024"}],"version-history":[{"count":1,"href":"https:\/\/aproin.com\/index.php\/wp-json\/wp\/v2\/posts\/2024\/revisions"}],"predecessor-version":[{"id":2025,"href":"https:\/\/aproin.com\/index.php\/wp-json\/wp\/v2\/posts\/2024\/revisions\/2025"}],"wp:featuredmedia":[{"embeddable":true,"href":"https:\/\/aproin.com\/index.php\/wp-json\/wp\/v2\/media\/1294"}],"wp:attachment":[{"href":"https:\/\/aproin.com\/index.php\/wp-json\/wp\/v2\/media?parent=2024"}],"wp:term":[{"taxonomy":"category","embeddable":true,"href":"https:\/\/aproin.com\/index.php\/wp-json\/wp\/v2\/categories?post=2024"},{"taxonomy":"post_tag","embeddable":true,"href":"https:\/\/aproin.com\/index.php\/wp-json\/wp\/v2\/tags?post=2024"}],"curies":[{"name":"wp","href":"https:\/\/api.w.org\/{rel}","templated":true}]}}