{"id":2331,"date":"2018-02-01T14:19:05","date_gmt":"2018-02-01T13:19:05","guid":{"rendered":"http:\/\/aproin.com\/?p=2331"},"modified":"2018-02-01T14:19:05","modified_gmt":"2018-02-01T13:19:05","slug":"la-xunta-refuerza-sus-poderes-en-disciplina-urbanistica","status":"publish","type":"post","link":"https:\/\/aproin.com\/index.php\/la-xunta-refuerza-sus-poderes-en-disciplina-urbanistica\/","title":{"rendered":"La Xunta refuerza sus poderes en disciplina urban\u00edstica"},"content":{"rendered":"<p>La Axencia de Protecci\u00f3n da Legalidade Urban\u00edstica ejecut\u00f3 205 demoliciones en el 2017<\/p>\n<p>PABLO GONZ\u00c1LEZ \/ La Voz de Galicia<\/p>\n<p style=\"text-align: justify;\">\nLa Xunta est\u00e1 decidida a ampliar sus poderes en disciplina urban\u00edstica para aplicar las normas de la nueva Lei do Solo en la mayor parte del territorio gallego. La conselleira de Medio Ambiente, Beatriz Mato, ha inaugurado la primera de las jornadas en la que se explican las nuevas competencias que tendr\u00e1 la Axencia de Protecci\u00f3n da Legalidade Urban\u00edstica (APLU), destinadas, aclar\u00f3 Mato, a aumentar los instrumentos \u00abpara protexer a nosa paisaxe\u00bb. El objetivo de su departamento, explic\u00f3, es reforzar la inspecci\u00f3n y la reposici\u00f3n de la legalidad, pero tambi\u00e9n \u00abque non haxa neng\u00fan concello sen planeamento urban\u00edstico\u00bb. La APLU bati\u00f3 en el 2017 su r\u00e9cord en demoliciones con 205 derribos de construcciones ilegales, frente a los 182 del 2016. Tanto la conselleira como el director de la agencia, Jos\u00e9 Antonio Cerdeira, explicaron los nuevos poderes de este organismo creado en el 2007. Adem\u00e1s de ayudar a los concellos adheridos a vigilar la finalizaci\u00f3n de las fachadas -una de las novedades de la nueva ley-, la APLU asumir\u00e1 tambi\u00e9n el control de las obras que no precisan de licencia, sino de una simple comunicaci\u00f3n previa. Entrar\u00edan en esta categor\u00eda los galpones, construcciones agr\u00edcolas y ganaderas o muros, que son las que habitualmente \u00abprovocan m\u00e1is conflictos\u00bb en los concellos m\u00e1s rurales, admiti\u00f3 Cerdeira. Durante el 2018 esta competencia se ejercer\u00e1 solo en los municipios de menos de 5.000 habitantes, que son los que menos capacidad de gesti\u00f3n administrativa tienen.<\/p>\n<p style=\"text-align: justify;\">\nLa APLU tambi\u00e9n resolver\u00e1 los recursos que presenten las personas afectadas por una posible demolici\u00f3n y se repartir\u00e1 con los concellos el 10 % de lo recaudado por las sanciones, con un l\u00edmite de 30.000 euros. Actualmente hay 66 municipios adheridos a la APLU y la conselleira se marca como objetivo aumentar esta cifra.<\/p>\n","protected":false},"excerpt":{"rendered":"<p>La Axencia de Protecci\u00f3n da Legalidade Urban\u00edstica ejecut\u00f3 205 demoliciones en el 2017 PABLO GONZ\u00c1LEZ \/ La Voz de Galicia La Xunta&#8230;<\/p>\n","protected":false},"author":1,"featured_media":2332,"comment_status":"open","ping_status":"open","sticky":false,"template":"","format":"standard","meta":[],"categories":[2],"tags":[],"_links":{"self":[{"href":"https:\/\/aproin.com\/index.php\/wp-json\/wp\/v2\/posts\/2331"}],"collection":[{"href":"https:\/\/aproin.com\/index.php\/wp-json\/wp\/v2\/posts"}],"about":[{"href":"https:\/\/aproin.com\/index.php\/wp-json\/wp\/v2\/types\/post"}],"author":[{"embeddable":true,"href":"https:\/\/aproin.com\/index.php\/wp-json\/wp\/v2\/users\/1"}],"replies":[{"embeddable":true,"href":"https:\/\/aproin.com\/index.php\/wp-json\/wp\/v2\/comments?post=2331"}],"version-history":[{"count":1,"href":"https:\/\/aproin.com\/index.php\/wp-json\/wp\/v2\/posts\/2331\/revisions"}],"predecessor-version":[{"id":2333,"href":"https:\/\/aproin.com\/index.php\/wp-json\/wp\/v2\/posts\/2331\/revisions\/2333"}],"wp:featuredmedia":[{"embeddable":true,"href":"https:\/\/aproin.com\/index.php\/wp-json\/wp\/v2\/media\/2332"}],"wp:attachment":[{"href":"https:\/\/aproin.com\/index.php\/wp-json\/wp\/v2\/media?parent=2331"}],"wp:term":[{"taxonomy":"category","embeddable":true,"href":"https:\/\/aproin.com\/index.php\/wp-json\/wp\/v2\/categories?post=2331"},{"taxonomy":"post_tag","embeddable":true,"href":"https:\/\/aproin.com\/index.php\/wp-json\/wp\/v2\/tags?post=2331"}],"curies":[{"name":"wp","href":"https:\/\/api.w.org\/{rel}","templated":true}]}}