{"id":2354,"date":"2018-02-13T10:46:35","date_gmt":"2018-02-13T09:46:35","guid":{"rendered":"http:\/\/aproin.com\/?p=2354"},"modified":"2018-02-13T10:46:35","modified_gmt":"2018-02-13T09:46:35","slug":"un-estudio-de-walicia-constata-que-uno-de-cada-tres-menores-de-35-anos-se-decanta-por-alquilar-pero-los-grupos-de-mediana-edad-siguen-optando-por-la-compra","status":"publish","type":"post","link":"https:\/\/aproin.com\/index.php\/un-estudio-de-walicia-constata-que-uno-de-cada-tres-menores-de-35-anos-se-decanta-por-alquilar-pero-los-grupos-de-mediana-edad-siguen-optando-por-la-compra\/","title":{"rendered":"Un estudio de Walicia constata que uno de cada tres menores de 35 a\u00f1os se decanta por alquilar pero los grupos de mediana edad siguen optando por la compra"},"content":{"rendered":"<p style=\"text-align: justify;\">El 31% de los j\u00f3venes gallegos residir\u00e1 durante 2018 con sus padres al no contar con expectativas de emancipaci\u00f3n para el a\u00f1o que acaba de comenzar, tal y como revela un estudio realizado por Walicia, el primer portal inmobiliario 100% gallego.<\/p>\n<p style=\"text-align: justify;\">Se trata de una cifra que confirma la dificultad que tienen los menores de 35 a\u00f1os en la comunidad para independizarse, ya sea v\u00eda alquiler o mediante la compra de una propiedad. No obstante, la expectativa mejora a los datos ofrecidos el pasado mes de noviembre por el Observatorio de Emancipaci\u00f3n del Consejo de la Juventud, que indicaba que el 37,6% de los gallegos con edades comprendidas entre los 30 y los 34 a\u00f1os todav\u00eda no hab\u00eda abandonado su vivienda familiar.<\/p>\n<p style=\"text-align: justify;\">Las cifras surgen a ra\u00edz de una encuesta realizada a m\u00e1s de 2.000 gallegos con edades comprendidas entre los 25 y los 64 a\u00f1os, en la que Walicia pregunt\u00f3 a todos ellos por sus intenciones de residencia para este 2018. El sondeo se desarroll\u00f3 entre los d\u00edas 8 y 10 de enero.<\/p>\n<p style=\"text-align: justify;\">De los datos obtenidos se concluye, adem\u00e1s, que el alquiler es el r\u00e9gimen elegido por los j\u00f3venes gallegos cuando se emancipan. El 34%, pr\u00e1cticamente uno de cada tres, prefiere satisfacer sus necesidades de residencia a trav\u00e9s del arrendamiento, mientras que el 26% se decanta por la compra. Tan s\u00f3lo el 8% de los j\u00f3venes gallegos vivir\u00e1n durante 2018 en un inmueble prestado sin pagar renta o hipoteca.<\/p>\n<p><strong>Expectativas de residencia en 2018 entre gallegos de 25-34 a\u00f1os<\/strong><\/p>\n<p style=\"text-align: justify;\">Este porcentaje de j\u00f3venes que vivir\u00e1 de alquiler este a\u00f1o es el que est\u00e1 provocando que el n\u00famero de gallegos que arriendan un piso est\u00e9 experimentando una subida tan grande en las \u00faltimas fechas, ya que esa tasa desciende al 22% cuando hablamos de gallegos con edades comprendidas entre los 35 y los 54 a\u00f1os, principalmente por la estabilizaci\u00f3n salarial y de ingresos.<\/p>\n<p style=\"text-align: justify;\">Este hecho, sumado a la formaci\u00f3n de nuevos hogares y las buenas perspectivas econ\u00f3micas provocan que en este segmento de edad se encuentren n\u00fameros que reflejan con claridad la preferencia por la compra, ya que m\u00e1s de la mitad (el 53%) residir\u00e1 en su domicilio como propietario de \u00e9l, un \u00edndice que sube al 63% si se reduce el espectro a los gallegos de entre 55 y 64 a\u00f1os.<\/p>\n<p style=\"text-align: justify;\"><strong>Retorno al hogar familiar<\/strong><br \/>\nLas dificultades para independizarse no afectan \u00fanicamente a los j\u00f3venes. Un 18% de los habitantes de la comunidad entre 35 y 44 a\u00f1os sigue viviendo con sus padres y no tiene intenci\u00f3n de que esa situaci\u00f3n cambie a lo largo de 2018.<\/p>\n<p style=\"text-align: justify;\">Pero este dato no s\u00f3lo hace referencia a aquellos que no cuentan con expectativas de emancipaci\u00f3n, sino que confirma el alto n\u00famero de personas de mediana edad que tienen la necesidad de volver a su casa familiar debido principalmente a cuestiones econ\u00f3micas. Dentro de este segmento se incluyen el colectivo de gallegos separados o divorciados que se ven obligados a retornar.<\/p>\n<p style=\"text-align: justify;\">Esta tendencia afecta al 16,8% de los gallegos de entre 45 y 54 a\u00f1os, que han decidido divorciarse o separarse y no pueden permitirse el pago de un alquiler y una vida independiente. Tambi\u00e9n entrar\u00edan dentro de este grupo aquellos solteros que han perdido su trabajo debido a la crisis econ\u00f3mica y tiene dificultad para encontrar un nuevo puesto de trabajo.<\/p>\n<p>Adem\u00e1s, tan s\u00f3lo el 15,8% de los gallegos de este grupo de edad vivir\u00e1n de alquiler en 2018, lo que constata que los gallegos no son proclives al arrendamiento una vez que alcanzan cierta madurez.<\/p>\n<p style=\"text-align: justify;\"><strong>El estudio<\/strong><br \/>\nUno de los objetivos principales de Walicia es conocer los intereses, h\u00e1bitos y costumbres de los gallegos en lo referente a vivienda. La intenci\u00f3n del portal es ayudar a los gallegos a encontrar el inmueble que buscan y suministrar informaci\u00f3n valiosa al mercado inmobiliario sobre aquellos temas que influyen en la toma de decisiones de las familias en todo lo que rodea al mercado inmobiliario de la comunidad.<\/p>\n<p style=\"text-align: justify;\">Durante los meses de vida que tiene el portal inmobiliario, se ha trabajado para ayudar a mejorar el conocimiento y la informaci\u00f3n disponible sobre el mercado inmobiliario en Galicia con diferentes an\u00e1lisis y estudios sobre temas como el precio de los inmuebles, la evoluci\u00f3n del n\u00famero de transacciones en la comunidad y las principales ciudades, la evoluci\u00f3n de las hipotecas concedidas, etc. Adem\u00e1s, semanalmente el blog de Walicia recoge las principales noticias y novedades del sector inmobiliario de Galicia en el bolet\u00edn llamado \u2018Zapping Inmobiliario\u2019, que ya se est\u00e1 convirtiendo en el medio de actualidad inmobiliaria de referencia en Galicia.<\/p>\n<p style=\"text-align: justify;\">Para el presente estudio, como se ha indicado, se han encuestado a m\u00e1s de 2.000 personas pertenecientes a las cuatro provincias. En concreto, la pregunta formulada era: \u201cEn lo referente a vivienda, \u00bfcu\u00e1l es tu intenci\u00f3n para este 2018?\u201d. A ella, se daban cuatro respuestas posibles: Residir en una vivienda en propiedad, residir con mis padres, residir en una vivienda de alquiler y residir en una vivienda prestada sin pagar.<\/p>\n<p><a href=\"https:\/\/blog.walicia.com\/wp-content\/uploads\/2018\/02\/Encuesta_Expectativas-de-residencia-gallegos-2018.pdf\">Descargate el estudio completo\u00a0<\/a><\/p>\n","protected":false},"excerpt":{"rendered":"<p>El 31% de los j\u00f3venes gallegos residir\u00e1 durante 2018 con sus padres al no contar con expectativas de emancipaci\u00f3n para el a\u00f1o&#8230;<\/p>\n","protected":false},"author":1,"featured_media":2348,"comment_status":"open","ping_status":"open","sticky":false,"template":"","format":"standard","meta":[],"categories":[2],"tags":[],"_links":{"self":[{"href":"https:\/\/aproin.com\/index.php\/wp-json\/wp\/v2\/posts\/2354"}],"collection":[{"href":"https:\/\/aproin.com\/index.php\/wp-json\/wp\/v2\/posts"}],"about":[{"href":"https:\/\/aproin.com\/index.php\/wp-json\/wp\/v2\/types\/post"}],"author":[{"embeddable":true,"href":"https:\/\/aproin.com\/index.php\/wp-json\/wp\/v2\/users\/1"}],"replies":[{"embeddable":true,"href":"https:\/\/aproin.com\/index.php\/wp-json\/wp\/v2\/comments?post=2354"}],"version-history":[{"count":1,"href":"https:\/\/aproin.com\/index.php\/wp-json\/wp\/v2\/posts\/2354\/revisions"}],"predecessor-version":[{"id":2355,"href":"https:\/\/aproin.com\/index.php\/wp-json\/wp\/v2\/posts\/2354\/revisions\/2355"}],"wp:featuredmedia":[{"embeddable":true,"href":"https:\/\/aproin.com\/index.php\/wp-json\/wp\/v2\/media\/2348"}],"wp:attachment":[{"href":"https:\/\/aproin.com\/index.php\/wp-json\/wp\/v2\/media?parent=2354"}],"wp:term":[{"taxonomy":"category","embeddable":true,"href":"https:\/\/aproin.com\/index.php\/wp-json\/wp\/v2\/categories?post=2354"},{"taxonomy":"post_tag","embeddable":true,"href":"https:\/\/aproin.com\/index.php\/wp-json\/wp\/v2\/tags?post=2354"}],"curies":[{"name":"wp","href":"https:\/\/api.w.org\/{rel}","templated":true}]}}