{"id":2356,"date":"2018-02-13T10:53:35","date_gmt":"2018-02-13T09:53:35","guid":{"rendered":"http:\/\/aproin.com\/?p=2356"},"modified":"2018-02-13T10:53:35","modified_gmt":"2018-02-13T09:53:35","slug":"convenio-de-colaboracion-entre-la-conselleria-de-medio-ambiente-y-ordenacion-del-territorio-y-el-concello-de-vigo","status":"publish","type":"post","link":"https:\/\/aproin.com\/index.php\/convenio-de-colaboracion-entre-la-conselleria-de-medio-ambiente-y-ordenacion-del-territorio-y-el-concello-de-vigo\/","title":{"rendered":"Convenio de colaboraci\u00f3n entre la Conseller\u00eda de Medio  Ambiente y Ordenaci\u00f3n del Territorio y el Concello de Vigo."},"content":{"rendered":"<p style=\"text-align: justify;\">Convenio de colaboraci\u00f3n entre a Conseller\u00eda de Medio Ambiente e Ordenaci\u00f3n do Territorio e o Concello de Vigo para o financiamento da continuidade nos traballos de redacci\u00f3n da revisi\u00f3n do Plan xeral de ordenaci\u00f3n municipal de Vigo.<\/p>\n<p style=\"text-align: justify;\">Establecer as bases de colaboraci\u00f3n e cooperaci\u00f3n t\u00e9cnica e econ\u00f3mica entre a Xunta de Galicia e o Concello de Vigo para a continuaci\u00f3n dos traballos de redacci\u00f3n da revisi\u00f3n do Plan xeral de ordenaci\u00f3n municipal de Vigo.<\/p>\n<p>( 20.11.2017)\u00a0 importe: 665.500,00 \u20ac<\/p>\n","protected":false},"excerpt":{"rendered":"<p>Convenio de colaboraci\u00f3n entre a Conseller\u00eda de Medio Ambiente e Ordenaci\u00f3n do Territorio e o Concello de Vigo para o financiamento da&#8230;<\/p>\n","protected":false},"author":1,"featured_media":2318,"comment_status":"open","ping_status":"open","sticky":false,"template":"","format":"standard","meta":[],"categories":[2],"tags":[],"_links":{"self":[{"href":"https:\/\/aproin.com\/index.php\/wp-json\/wp\/v2\/posts\/2356"}],"collection":[{"href":"https:\/\/aproin.com\/index.php\/wp-json\/wp\/v2\/posts"}],"about":[{"href":"https:\/\/aproin.com\/index.php\/wp-json\/wp\/v2\/types\/post"}],"author":[{"embeddable":true,"href":"https:\/\/aproin.com\/index.php\/wp-json\/wp\/v2\/users\/1"}],"replies":[{"embeddable":true,"href":"https:\/\/aproin.com\/index.php\/wp-json\/wp\/v2\/comments?post=2356"}],"version-history":[{"count":1,"href":"https:\/\/aproin.com\/index.php\/wp-json\/wp\/v2\/posts\/2356\/revisions"}],"predecessor-version":[{"id":2357,"href":"https:\/\/aproin.com\/index.php\/wp-json\/wp\/v2\/posts\/2356\/revisions\/2357"}],"wp:featuredmedia":[{"embeddable":true,"href":"https:\/\/aproin.com\/index.php\/wp-json\/wp\/v2\/media\/2318"}],"wp:attachment":[{"href":"https:\/\/aproin.com\/index.php\/wp-json\/wp\/v2\/media?parent=2356"}],"wp:term":[{"taxonomy":"category","embeddable":true,"href":"https:\/\/aproin.com\/index.php\/wp-json\/wp\/v2\/categories?post=2356"},{"taxonomy":"post_tag","embeddable":true,"href":"https:\/\/aproin.com\/index.php\/wp-json\/wp\/v2\/tags?post=2356"}],"curies":[{"name":"wp","href":"https:\/\/api.w.org\/{rel}","templated":true}]}}