{"id":2390,"date":"2018-03-06T09:56:20","date_gmt":"2018-03-06T08:56:20","guid":{"rendered":"http:\/\/aproin.com\/?p=2390"},"modified":"2018-03-06T09:56:20","modified_gmt":"2018-03-06T08:56:20","slug":"el-primer-edificio-post-crisis-del-ladrillo-invertira-6-millones","status":"publish","type":"post","link":"https:\/\/aproin.com\/index.php\/el-primer-edificio-post-crisis-del-ladrillo-invertira-6-millones\/","title":{"rendered":"El primer edificio post-crisis del ladrillo invertir\u00e1 6 millones"},"content":{"rendered":"<p><em>La Gerencia de Urbanismo da v\u00eda libre a reiniciar las obras paralizadas con el &#8220;crack&#8221; de las promociones inmobiliarias. La nueva firma tiene peticiones para llenar el inmueble<\/em><\/p>\n<p style=\"text-align: justify;\"><em>El edificio ocupar\u00e1 toda una manzana tras Povisa, en las calles Zaragoza y Barcelona. El edificio ocupar\u00e1 toda una manzana tras Povisa, en las calles Zaragoza y Barcelona.<\/em><br \/>\nJTA. VIGO LOCALAD@ATLANTICO.NET<\/p>\n<p>La Gerencia municipal de Urbanismo confirmar\u00e1 esta semana la concesi\u00f3n de la licencia de obra al edificio situado tras Povisa, en la confluencia de las calles Barcelona y Zaragoza, paralizado desde hace varios a\u00f1os, siendo el primero afectado por la crisis del ladrillo. Tambi\u00e9n se convierte en el primero que se reactiva en Vigo, y el m\u00e1s importante y simb\u00f3lico por sus caracter\u00edsticas y ubicaci\u00f3n. La inversi\u00f3n prevista por la promotora Alexia asciende a unos seis millones de euros para levantar una residencia de 88 a 110 viviendas (la primera opci\u00f3n es la m\u00e1s probable, tras ampliarse el tama\u00f1o de los pisos ante la demanda existente) y cinco estudios. La firma esperaba el permiso para este mes y mientras tanto ha puesto en marcha la comercializaci\u00f3n, que se ha saldado con un aluvi\u00f3n de peticiones, que a partir de ahora tendr\u00e1n que confirmarse en la firma de compra.<br \/>\nComo ya indic\u00f3 este diario, los trabajos se prolongar\u00e1n durante 20 meses hasta principios de 2020. Inicialmente el edificio tras Povisa iba a tener 125 pisos, pero la promotora decidi\u00f3 ampliar el tama\u00f1o de las viviendas para acomodar la residencia a las nuevas necesidades detectadas en la ciudad: m\u00e1s cuartos para familias m\u00e1s amplias, seg\u00fan indica el portavoz de la empresa. &#8220;Planteamos viviendas de 170 metros cuadrados de dos a cuatro dependencias porque se necesitan&#8221;, se\u00f1al\u00f3.<br \/>\nEl edificio forma toda una manzana y sus promotores consideran que ser\u00e1 &#8220;un segundo Casta\u00f1al&#8221;, en referencia a la residencia vecina. Creen que la demanda de pisos existe y en este sentido los datos corroboran dicha opini\u00f3n, ante la creciente escasez de viviendas libres. Pero no hay donde construir por no haber un Plan General adaptado &#8220;salvo el pol\u00edgono de Navia, que es otro mercado distinto&#8221;, explican en la promotora. La soluci\u00f3n que se plantea desde el Concello es aprobar v\u00eda Xunta un documento provisional en tanto se tramita el nuevo Plan General, que no estar\u00e1 listo hasta al menos 2020. El edificio en construcci\u00f3n contar\u00e1 con piscina, gimnasio o una sala comunitaria y un jard\u00edn en el medio<\/p>\n","protected":false},"excerpt":{"rendered":"<p>La Gerencia de Urbanismo da v\u00eda libre a reiniciar las obras paralizadas con el &#8220;crack&#8221; de las promociones inmobiliarias. La nueva firma&#8230;<\/p>\n","protected":false},"author":1,"featured_media":2391,"comment_status":"open","ping_status":"open","sticky":false,"template":"","format":"standard","meta":[],"categories":[2],"tags":[],"_links":{"self":[{"href":"https:\/\/aproin.com\/index.php\/wp-json\/wp\/v2\/posts\/2390"}],"collection":[{"href":"https:\/\/aproin.com\/index.php\/wp-json\/wp\/v2\/posts"}],"about":[{"href":"https:\/\/aproin.com\/index.php\/wp-json\/wp\/v2\/types\/post"}],"author":[{"embeddable":true,"href":"https:\/\/aproin.com\/index.php\/wp-json\/wp\/v2\/users\/1"}],"replies":[{"embeddable":true,"href":"https:\/\/aproin.com\/index.php\/wp-json\/wp\/v2\/comments?post=2390"}],"version-history":[{"count":1,"href":"https:\/\/aproin.com\/index.php\/wp-json\/wp\/v2\/posts\/2390\/revisions"}],"predecessor-version":[{"id":2392,"href":"https:\/\/aproin.com\/index.php\/wp-json\/wp\/v2\/posts\/2390\/revisions\/2392"}],"wp:featuredmedia":[{"embeddable":true,"href":"https:\/\/aproin.com\/index.php\/wp-json\/wp\/v2\/media\/2391"}],"wp:attachment":[{"href":"https:\/\/aproin.com\/index.php\/wp-json\/wp\/v2\/media?parent=2390"}],"wp:term":[{"taxonomy":"category","embeddable":true,"href":"https:\/\/aproin.com\/index.php\/wp-json\/wp\/v2\/categories?post=2390"},{"taxonomy":"post_tag","embeddable":true,"href":"https:\/\/aproin.com\/index.php\/wp-json\/wp\/v2\/tags?post=2390"}],"curies":[{"name":"wp","href":"https:\/\/api.w.org\/{rel}","templated":true}]}}