{"id":2414,"date":"2018-03-27T09:44:10","date_gmt":"2018-03-27T07:44:10","guid":{"rendered":"http:\/\/aproin.com\/?p=2414"},"modified":"2018-03-27T10:11:03","modified_gmt":"2018-03-27T08:11:03","slug":"aproin-premia-dos-edificios-en-el-centro-de-la-ciudad","status":"publish","type":"post","link":"https:\/\/aproin.com\/index.php\/aproin-premia-dos-edificios-en-el-centro-de-la-ciudad\/","title":{"rendered":"Aproin premia dos edificios en el centro de la ciudad"},"content":{"rendered":"<p>REDACCI\u00d3N \/ ATLANTICO DIARIO<\/p>\n<p>La Asociaci\u00f3n de Promotores Inmobiliarios otorg\u00f3 los galardones a las mejores construcciones de la provincia en 2017<\/p>\n<p style=\"text-align: justify;\">El edificio Residencial Alfonso XIII y la izquierda el Ballesol Vigo, ambos premiados El edificio Residencial Alfonso XIII y la izquierda el Ballesol Vigo, ambos premiados<\/p>\n<p><a href=\"http:\/\/aproin.com\/wp-content\/uploads\/2018\/03\/GESCOMAR.jpg\"><img loading=\"lazy\" class=\"alignnone size-thumbnail wp-image-2410\" src=\"http:\/\/aproin.com\/wp-content\/uploads\/2018\/03\/GESCOMAR-150x150.jpg\" alt=\"\" width=\"150\" height=\"150\" \/><\/a>\u00a0 \u00a0\u00a0<a href=\"http:\/\/aproin.com\/wp-content\/uploads\/2018\/03\/BALLESOL.jpg\"><img loading=\"lazy\" class=\"alignnone size-thumbnail wp-image-2409\" src=\"http:\/\/aproin.com\/wp-content\/uploads\/2018\/03\/BALLESOL-150x150.jpg\" alt=\"\" width=\"150\" height=\"150\" \/><\/a><\/p>\n<p>El premio Aproin recay\u00f3 este a\u00f1o en dos edificios del centro urbano. <a href=\"http:\/\/ballesol.es\/residencias-para-mayores-en-galicia\/ballesol-vigo\/\"><strong>Intercentros Ballesol<\/strong> <\/a>por el complejo residencial para mayores construido por Orega en la Gran V\u00eda, mientras <a href=\"http:\/\/www.gescomargalicia.es\/property\/residencial-alfonso-xiii-vigo\"><strong>Gescomar Galicia<\/strong> <\/a>recibi\u00f3 el premio al mejor edificio residencial, construido por Civis Global en la calle Alfonso XIII.<\/p>\n<p>Los an\u00e1lisis de todas las edificaciones y el premio final ha sido decidido por el jurado integrado por Luis Espada Recarey (presidente) y los vocales Javier de la Puente Crespo (ingeniero industrial), Javier Rivas Barros (arquitecto), Rub\u00e9n Inchaurraga Ruiz (arquitecto), Antonio Carballo Cou\u00f1ago (arquitecto t\u00e9cnico) actuando como secretario el abogado Carlos Coladas-Guzm\u00e1n Larraya.<\/p>\n<p>El objetivo de los premios Aproin a los largo de sus 24 a\u00f1os de historia es poner en valor la promoci\u00f3n inmobiliaria de calidad, reconociendo los proyectos y ejecuciones de construcci\u00f3n mejor desarrollados durante cada a\u00f1o en la provincia. Tras analizar las propuestas presentadas, despu\u00e9s de las pertinentes visitas a las promociones, del an\u00e1lisis de la documentaci\u00f3n aportada y las deliberaciones, el jurado escogi\u00f3 como Premio Aproin 2017 a la mejor actuaci\u00f3n inmobiliaria residencial a la empresa promotora Gescomar Galicia por el edificio de viviendas en Alfonso XIII, cuyo arquitecto es Clemente Sequeiros Sestelo.<br \/>\nEl Premio Aproin 2017 a la mejor edificaci\u00f3n no residencial, para Ballesol, tiene de arquitectos a C\u00e9sar \u00c1lvarez Arines y Carmen Gallego Montes.<\/p>\n<p><strong>Los premios ser\u00e1n entregados el pr\u00f3ximo 5 de abril, a partir de las siete de la tarde, en el C\u00edrculo de Empresarios de Galicia en Vigo.<\/strong> Al acto asistir\u00e1n 200 empresarios, profesionales del sector y autoridades auton\u00f3micas y locales. El presidente de la Xunta, Alberto Nu\u00f1ez Feijoo, ser\u00e1 el encargado de entregar las distinciones, como viene siendo habitual en todas las \u00faltimas ediciones anuales del galard\u00f3n que conceden de los promotores vigueses.<br \/>\nAproin es una asociaci\u00f3n empresarial y profesional que integra a un gran n\u00famero de empresas promotoras y del sector construcci\u00f3n de la provincia bajo la presidencia de Javier Garrido Valenzuela, quien tambi\u00e9n dirigi\u00f3 el C\u00edrculo de Empresarios.<\/p>\n<p>Acto patrocinado por: <strong>SABADELL, GESVALT, OTIS, TINSA, VIQUEIRA, ASEFA, AUREN, SCHINDLER, NORTEMPO, NEDGIA Y COLADAS-GUZMAN <\/strong><\/p>\n","protected":false},"excerpt":{"rendered":"<p>REDACCI\u00d3N \/ ATLANTICO DIARIO La Asociaci\u00f3n de Promotores Inmobiliarios otorg\u00f3 los galardones a las mejores construcciones de la provincia en 2017 El&#8230;<\/p>\n","protected":false},"author":1,"featured_media":2419,"comment_status":"open","ping_status":"open","sticky":false,"template":"","format":"standard","meta":[],"categories":[2],"tags":[],"_links":{"self":[{"href":"https:\/\/aproin.com\/index.php\/wp-json\/wp\/v2\/posts\/2414"}],"collection":[{"href":"https:\/\/aproin.com\/index.php\/wp-json\/wp\/v2\/posts"}],"about":[{"href":"https:\/\/aproin.com\/index.php\/wp-json\/wp\/v2\/types\/post"}],"author":[{"embeddable":true,"href":"https:\/\/aproin.com\/index.php\/wp-json\/wp\/v2\/users\/1"}],"replies":[{"embeddable":true,"href":"https:\/\/aproin.com\/index.php\/wp-json\/wp\/v2\/comments?post=2414"}],"version-history":[{"count":4,"href":"https:\/\/aproin.com\/index.php\/wp-json\/wp\/v2\/posts\/2414\/revisions"}],"predecessor-version":[{"id":2434,"href":"https:\/\/aproin.com\/index.php\/wp-json\/wp\/v2\/posts\/2414\/revisions\/2434"}],"wp:featuredmedia":[{"embeddable":true,"href":"https:\/\/aproin.com\/index.php\/wp-json\/wp\/v2\/media\/2419"}],"wp:attachment":[{"href":"https:\/\/aproin.com\/index.php\/wp-json\/wp\/v2\/media?parent=2414"}],"wp:term":[{"taxonomy":"category","embeddable":true,"href":"https:\/\/aproin.com\/index.php\/wp-json\/wp\/v2\/categories?post=2414"},{"taxonomy":"post_tag","embeddable":true,"href":"https:\/\/aproin.com\/index.php\/wp-json\/wp\/v2\/tags?post=2414"}],"curies":[{"name":"wp","href":"https:\/\/api.w.org\/{rel}","templated":true}]}}