{"id":2426,"date":"2018-03-27T10:01:32","date_gmt":"2018-03-27T08:01:32","guid":{"rendered":"http:\/\/aproin.com\/?p=2426"},"modified":"2018-03-27T10:01:32","modified_gmt":"2018-03-27T08:01:32","slug":"urbanismo-limita-a-dos-meses-el-retraso-del-pxom-tras-quedar-desierto-el-concurso","status":"publish","type":"post","link":"https:\/\/aproin.com\/index.php\/urbanismo-limita-a-dos-meses-el-retraso-del-pxom-tras-quedar-desierto-el-concurso\/","title":{"rendered":"Urbanismo limita a dos meses el retraso del PXOM tras quedar desierto el concurso"},"content":{"rendered":"<p>Faro de Vigo<\/p>\n<p style=\"text-align: justify;\">El gobierno local no prev\u00e9 efectos &#8220;significativos&#8221; sobre el calendario del nuevo Plan Xeral por el hecho de que el concurso para su redacci\u00f3n quedara desierto. El alcalde, Abel Caballero, estim\u00f3 ayer que los trabajos podr\u00edan verse retrasados &#8220;unos dos meses&#8221;, un plazo que considera irrelevante en comparaci\u00f3n con el a\u00f1o que asegura que la Xunta &#8220;retras\u00f3 la firma del convenio para financiar su redacci\u00f3n&#8221; presupuestada en 1,5 millones de euros.<\/p>\n<p style=\"text-align: justify;\">El regidor es optimista y estima que la ordenaci\u00f3n provisional m\u00e1s los proyectos comerciales en tramitaci\u00f3n al amparo de la ley 3\/2016 permitir\u00edan usar &#8220;m\u00e1s de una tercera parte del planeamiento. La recuperaci\u00f3n de esta parte ya supera con mucho la posibilidad de inversi\u00f3n de esta ciudad en diez a\u00f1os por lo que no hay perjuicio alguno&#8221;, valor\u00f3.<\/p>\n<p style=\"text-align: justify;\">Caballero aprob\u00f3 ayer convenios de apoyo con varias entidades sociales por valor de 173.000 euros. El primero fue con la Asociaci\u00f3n Freixeiro de Axuda ao Necesitado (AFAN) que recibir\u00e1 55.000 euros para atenci\u00f3n de necesidades b\u00e1sicas de las familias a trav\u00e9s de alimentos. La segunda entidad es la Asociaci\u00f3n Solidariedade Galega co Pobo Saharaui a la que se destinan 60.000 euros para el programa &#8220;Vacaciones en paz&#8221; y los \u00faltimos son la Rede de Mulleres Veci\u00f1ais contra os Malos Tratos, que recibe otros 30.300 euros, y los vecinos de Lavadores con 28.000 euros para su ludoteca.<\/p>\n","protected":false},"excerpt":{"rendered":"<p>Faro de Vigo El gobierno local no prev\u00e9 efectos &#8220;significativos&#8221; sobre el calendario del nuevo Plan Xeral por el hecho de que&#8230;<\/p>\n","protected":false},"author":1,"featured_media":2364,"comment_status":"open","ping_status":"open","sticky":false,"template":"","format":"standard","meta":[],"categories":[2],"tags":[],"_links":{"self":[{"href":"https:\/\/aproin.com\/index.php\/wp-json\/wp\/v2\/posts\/2426"}],"collection":[{"href":"https:\/\/aproin.com\/index.php\/wp-json\/wp\/v2\/posts"}],"about":[{"href":"https:\/\/aproin.com\/index.php\/wp-json\/wp\/v2\/types\/post"}],"author":[{"embeddable":true,"href":"https:\/\/aproin.com\/index.php\/wp-json\/wp\/v2\/users\/1"}],"replies":[{"embeddable":true,"href":"https:\/\/aproin.com\/index.php\/wp-json\/wp\/v2\/comments?post=2426"}],"version-history":[{"count":1,"href":"https:\/\/aproin.com\/index.php\/wp-json\/wp\/v2\/posts\/2426\/revisions"}],"predecessor-version":[{"id":2427,"href":"https:\/\/aproin.com\/index.php\/wp-json\/wp\/v2\/posts\/2426\/revisions\/2427"}],"wp:featuredmedia":[{"embeddable":true,"href":"https:\/\/aproin.com\/index.php\/wp-json\/wp\/v2\/media\/2364"}],"wp:attachment":[{"href":"https:\/\/aproin.com\/index.php\/wp-json\/wp\/v2\/media?parent=2426"}],"wp:term":[{"taxonomy":"category","embeddable":true,"href":"https:\/\/aproin.com\/index.php\/wp-json\/wp\/v2\/categories?post=2426"},{"taxonomy":"post_tag","embeddable":true,"href":"https:\/\/aproin.com\/index.php\/wp-json\/wp\/v2\/tags?post=2426"}],"curies":[{"name":"wp","href":"https:\/\/api.w.org\/{rel}","templated":true}]}}