{"id":2695,"date":"2018-07-10T10:22:14","date_gmt":"2018-07-10T08:22:14","guid":{"rendered":"http:\/\/aproin.com\/?p=2695"},"modified":"2018-07-10T10:22:14","modified_gmt":"2018-07-10T08:22:14","slug":"vigo-inicia-el-desarrollo-urbanistico-que-ordenara-la-ciudad-para-10-anos","status":"publish","type":"post","link":"https:\/\/aproin.com\/index.php\/vigo-inicia-el-desarrollo-urbanistico-que-ordenara-la-ciudad-para-10-anos\/","title":{"rendered":"Vigo inicia el desarrollo urban\u00edstico que ordenar\u00e1 la ciudad para 10 a\u00f1os"},"content":{"rendered":"<p><em>El Concello aprobar\u00e1 en el pleno del d\u00eda 18 la ordenaci\u00f3n urban\u00edstica provisional que afecta a 50.000 titulares catastrales, quienes podr\u00e1n edificar en sus propiedades. De esta forma se recupera el 35% de la superficie edificable. Adem\u00e1s, se desarrollan \u00e1mbitos como Recar\u00e9, Barrio do Cura o Samil antes del nuevo PGOM.<\/em><\/p>\n<p>ANA FUENTES \/ ATL\u00c1NTICO DIARIO<\/p>\n<p style=\"text-align: justify;\">El instrumento que permitir\u00e1 el desarrollo urban\u00edstico de buena parte de la ciudad, tras la anulaci\u00f3n del PGOM, dar\u00e1 su primer paso el pr\u00f3ximo d\u00eda 18. Ese d\u00eda el pleno de Vigo abordar\u00e1 la aprobaci\u00f3n provisional de la ordenaci\u00f3n provisional urban\u00edstica, que afecta directamente a 50.000 titulares catastrales con parcelas, el 35% de la ciudad.<\/p>\n<p style=\"text-align: justify;\">El alcalde Abel Caballero anunci\u00f3 ayer el adelanto del pleno ordinario de este mes de julio, que ser\u00e1 el d\u00eda 18 (tendr\u00eda que celebrarse el 25 que es festivo), en el que se someter\u00e1 a votaci\u00f3n la aprobaci\u00f3n inicial de la ordenaci\u00f3n provisional urban\u00edstica tras obtener todos los informes favorables y que devolver\u00e1 la normalidad al urbanismo vigu\u00e9s. Son en total 23 millones de metros cuadrados.<br \/>\nEl regidor record\u00f3 que se trata de un &#8220;tr\u00e1mite de la mayor importancia porque permitir\u00e1 recuperar de golpe un tercio de la edificabilidad que recog\u00eda el plan de 2008&#8221;. En este sentido explic\u00f3 que &#8220;entramos en una nueva etapa en la que va a estar operativa toda la edificabilidad que puede desarrollar esta ciudad en los pr\u00f3ximos diez a\u00f1os&#8221;.<\/p>\n<p style=\"text-align: justify;\">Una vez superada la aprobaci\u00f3n inicial se notificar\u00e1 a los 50.000 titulares catastrales que se ver\u00e1n afectados, que ya podr\u00e1n edificar en sus propiedades. A partir de ah\u00ed, el documento ser\u00e1 enviado a la Xunta y posteriormente llegar\u00e1 de nuevo al pleno para su aprobaci\u00f3n definitiva.<br \/>\nAbel Caballero subray\u00f3 que se trata de &#8220;un paso de gigante en la ordenaci\u00f3n urban\u00edstica de Vigo&#8221;.<br \/>\nA\u00f1adi\u00f3 adem\u00e1s que con este mismo procedimiento, el Concello est\u00e1 tramitando el \u00e1mbito de Recar\u00e9 para ordenar suelo terciario y los \u00e1mbitos de Samil con cientos de aparcamientos.<br \/>\nSeg\u00fan el alcalde, con todo ello &#8220;estamos poniendo en marcha un desarrollo urban\u00edstico que ordena la ciudad para los pr\u00f3ximos 40 a\u00f1os&#8221;. Tambi\u00e9n se refiri\u00f3 al desbloqueo el desarrollo del Barrio del Cura y al nuevo impulso que va a recibir la transformaci\u00f3n de la Panificadora con el cambio de delegado en la Zona Franca. &#8220;Un nuevo aso de gigante en la ciudad&#8221;, dijo.<\/p>\n<p style=\"text-align: justify;\">Caballero no dej\u00f3 pasar la ocasi\u00f3n para se\u00f1alar &#8220;las zancadillas de Feij\u00f3o&#8221; que crearon &#8220;algunos atascos, pero lo estamos sacando todo adelante&#8221;, subray\u00f3.<\/p>\n<p style=\"text-align: justify;\">De forma paralela contin\u00faa la tramitaci\u00f3n del Plan General de Ordenaci\u00f3n Municipal, cuyo primer concurso qued\u00f3 desierto y que se ha mejorado para hacerlo m\u00e1s atractivo para las empresas. El objetivo es que las adjudicatarias puedan estar trabajando en septiembre de 2018.<br \/>\nVigo carece de Plan General despu\u00e9s de que en noviembre de 2011 una sentencia del Tribunal Supremo decretase su suspensi\u00f3n al concluir que hubo deficiencias por parte de la Xunta en la tramitaci\u00f3n ambiental. En 2021 m\u00e1ximo tendr\u00eda que estar listo el nuevo PGOM.<\/p>\n","protected":false},"excerpt":{"rendered":"<p>El Concello aprobar\u00e1 en el pleno del d\u00eda 18 la ordenaci\u00f3n urban\u00edstica provisional que afecta a 50.000 titulares catastrales, quienes podr\u00e1n edificar&#8230;<\/p>\n","protected":false},"author":1,"featured_media":2696,"comment_status":"open","ping_status":"open","sticky":false,"template":"","format":"standard","meta":[],"categories":[2],"tags":[],"_links":{"self":[{"href":"https:\/\/aproin.com\/index.php\/wp-json\/wp\/v2\/posts\/2695"}],"collection":[{"href":"https:\/\/aproin.com\/index.php\/wp-json\/wp\/v2\/posts"}],"about":[{"href":"https:\/\/aproin.com\/index.php\/wp-json\/wp\/v2\/types\/post"}],"author":[{"embeddable":true,"href":"https:\/\/aproin.com\/index.php\/wp-json\/wp\/v2\/users\/1"}],"replies":[{"embeddable":true,"href":"https:\/\/aproin.com\/index.php\/wp-json\/wp\/v2\/comments?post=2695"}],"version-history":[{"count":1,"href":"https:\/\/aproin.com\/index.php\/wp-json\/wp\/v2\/posts\/2695\/revisions"}],"predecessor-version":[{"id":2697,"href":"https:\/\/aproin.com\/index.php\/wp-json\/wp\/v2\/posts\/2695\/revisions\/2697"}],"wp:featuredmedia":[{"embeddable":true,"href":"https:\/\/aproin.com\/index.php\/wp-json\/wp\/v2\/media\/2696"}],"wp:attachment":[{"href":"https:\/\/aproin.com\/index.php\/wp-json\/wp\/v2\/media?parent=2695"}],"wp:term":[{"taxonomy":"category","embeddable":true,"href":"https:\/\/aproin.com\/index.php\/wp-json\/wp\/v2\/categories?post=2695"},{"taxonomy":"post_tag","embeddable":true,"href":"https:\/\/aproin.com\/index.php\/wp-json\/wp\/v2\/tags?post=2695"}],"curies":[{"name":"wp","href":"https:\/\/api.w.org\/{rel}","templated":true}]}}