{"id":2712,"date":"2018-07-18T14:29:15","date_gmt":"2018-07-18T12:29:15","guid":{"rendered":"http:\/\/aproin.com\/?p=2712"},"modified":"2018-07-18T14:29:15","modified_gmt":"2018-07-18T12:29:15","slug":"el-pleno-da-su-primer-placet-a-la-ordenacion-provisional-del-urbanismo-de-vigo","status":"publish","type":"post","link":"https:\/\/aproin.com\/index.php\/el-pleno-da-su-primer-placet-a-la-ordenacion-provisional-del-urbanismo-de-vigo\/","title":{"rendered":"El pleno da su primer pl\u00e1cet a la ordenaci\u00f3n provisional del urbanismo de Vigo"},"content":{"rendered":"<p>\u25ba El pleno se suspende entre pol\u00e9micas para que alcalde y concejales puedan acudir a la toma de posesi\u00f3n del nuevo delegado de Zona Franca \u25ba La medida permite recuperar 23 millones de metros cuadrados<\/p>\n<p>Carlos Prego \/ Faro de Vigo<\/p>\n<p style=\"text-align: justify;\"><strong>El urbanismo vigu\u00e9s da un paso m\u00e1s hacia su desbloqueo<\/strong>. El pleno municipal aprob\u00f3 esta ma\u00f1ana sin votos en contra la ordenaci\u00f3n provisional, un instrumento que -seg\u00fan explic\u00f3 la concejala Mar\u00eda Xos\u00e9 Caride- permitir\u00e1 recuperar unos 23 millones de metros cuadrados, cerca del 24% del t\u00e9rmino municipal de Vigo. Sumados al espacio en el que ya se puede construir la superficie que ver\u00eda despejado su urbanismo alcanzar\u00eda as\u00ed el 38% de la ciudad.<\/p>\n<p style=\"text-align: justify;\">&#8220;El objetivo es que las personas que pod\u00edan solicitar licencia antes de la anulaci\u00f3n del PXOM de 2008 puedan hacerlo tambi\u00e9n ahora&#8221;, explic\u00f3 Caride, responsable del \u00e1rea municipal de Urbanismo. El pl\u00e1cet de la ordenaci\u00f3n provisional llega poco despu\u00e9s de que se cerrase el plazo del que dispon\u00edan las empresas para optar a la redacci\u00f3n del nuevo Plan Xeral. Aunque el anterior concurso lanzado con ese fin por el Concello qued\u00f3 desierto, el nuevo despert\u00f3 el inter\u00e9s de las empresas y recibi\u00f3 al menos 14 ofertas de firmas aspirantes.<\/p>\n<p style=\"text-align: justify;\">Caride tambi\u00e9n revel\u00f3 que el Concello tendr\u00e1 que contactar con 50.000 propietarios de fincas que se ven afectadas por el instrumento de ordenaci\u00f3n. Para dirigirse a ellas, el Gobierno local ha lanzado un concurso que cierra su plazo de presentaci\u00f3n de ofertas el viernes.<\/p>\n<p style=\"text-align: justify;\">Aunque el PP valor\u00f3 como una <strong>&#8220;buena noticia&#8221;<\/strong> que se den pasos hacia la ordenaci\u00f3n provisional del municipio, su portavoz en el Concello, Elena Mu\u00f1oz, acus\u00f3 al Gobierno local de dilatar los plazos por motivos electorales. &#8220;No les interesa ir m\u00e1s r\u00e1pido porque no quieren presentar el borrador antes de las elecciones municipales&#8221;, se\u00f1al\u00f3 la popular. Durante su intervenci\u00f3n, Mu\u00f1oz puso en valor tambi\u00e9n las facilidades aportadas por la Xunta, organismo que -record\u00f3- hace posible que se pueda recurrir a la ordenaci\u00f3n provisional.<\/p>\n<p style=\"text-align: justify;\">Desde Marea, su portavoz municipal, Rub\u00e9n P\u00e9rez, lament\u00f3 que PP y PSOE usen el urbanismo para entablar &#8220;una guerra de trincheras y desgaste&#8221;. Tambi\u00e9n advirti\u00f3 que el ordenamiento provisional no solucionar\u00e1 la situaci\u00f3n del suelo urbano consolidado del municipio, sino que \u00fanicamente lo deja en un estado de &#8220;stand by&#8221;. &#8220;En tres a\u00f1os hubo tiempo suficiente para tener un proyecto de PXOM&#8221;, remarc\u00f3 el portavoz de Marea en la ciudad.<\/p>\n<p style=\"text-align: justify;\"><strong>Suspensi\u00f3n del pleno<\/strong><br \/>\nEl pleno se suspendi\u00f3 para que el alcalde y los concejales puedan acudir a la toma de posesi\u00f3n del nuevo delegado de Zona Franca, David Regades, quien hoy mismo abandon\u00f3 su acta de concejal para asumir el nuevo cargo. Al inicio de la sesi\u00f3n el hasta ahora segundo teniente de alcalde agradeci\u00f3 la &#8220;confianza&#8221; de sus compa\u00f1eros y mostr\u00f3 su orgullo por los 11 a\u00f1os que ha dedicado al Concello. &#8220;Donde est\u00e9, tendr\u00e9 presente a los vigueses&#8221;, garantiz\u00f3.<\/p>\n<p style=\"text-align: justify;\">La suspensi\u00f3n del pleno gener\u00f3 pol\u00e9mica. La portavoz popular, Elena Mu\u00f1oz, asegur\u00f3 que las sesiones solo pueden paralizarse por descanso o durante deliberaciones y exigi\u00f3 que el secretario municipal se pronunciase sobre al respecto. P\u00e9rez tambi\u00e9n cuestion\u00f3 la pertinencia de suspender la convocatoria durante varias horas. El pleno se reanudar\u00e1 a las 16.00 horas.<\/p>\n","protected":false},"excerpt":{"rendered":"<p>\u25ba El pleno se suspende entre pol\u00e9micas para que alcalde y concejales puedan acudir a la toma de posesi\u00f3n del nuevo delegado&#8230;<\/p>\n","protected":false},"author":1,"featured_media":2713,"comment_status":"open","ping_status":"open","sticky":false,"template":"","format":"standard","meta":[],"categories":[2],"tags":[],"_links":{"self":[{"href":"https:\/\/aproin.com\/index.php\/wp-json\/wp\/v2\/posts\/2712"}],"collection":[{"href":"https:\/\/aproin.com\/index.php\/wp-json\/wp\/v2\/posts"}],"about":[{"href":"https:\/\/aproin.com\/index.php\/wp-json\/wp\/v2\/types\/post"}],"author":[{"embeddable":true,"href":"https:\/\/aproin.com\/index.php\/wp-json\/wp\/v2\/users\/1"}],"replies":[{"embeddable":true,"href":"https:\/\/aproin.com\/index.php\/wp-json\/wp\/v2\/comments?post=2712"}],"version-history":[{"count":1,"href":"https:\/\/aproin.com\/index.php\/wp-json\/wp\/v2\/posts\/2712\/revisions"}],"predecessor-version":[{"id":2714,"href":"https:\/\/aproin.com\/index.php\/wp-json\/wp\/v2\/posts\/2712\/revisions\/2714"}],"wp:featuredmedia":[{"embeddable":true,"href":"https:\/\/aproin.com\/index.php\/wp-json\/wp\/v2\/media\/2713"}],"wp:attachment":[{"href":"https:\/\/aproin.com\/index.php\/wp-json\/wp\/v2\/media?parent=2712"}],"wp:term":[{"taxonomy":"category","embeddable":true,"href":"https:\/\/aproin.com\/index.php\/wp-json\/wp\/v2\/categories?post=2712"},{"taxonomy":"post_tag","embeddable":true,"href":"https:\/\/aproin.com\/index.php\/wp-json\/wp\/v2\/tags?post=2712"}],"curies":[{"name":"wp","href":"https:\/\/api.w.org\/{rel}","templated":true}]}}