{"id":2959,"date":"2018-11-15T10:33:16","date_gmt":"2018-11-15T09:33:16","guid":{"rendered":"https:\/\/aproin.com\/?p=2959"},"modified":"2018-11-15T10:33:16","modified_gmt":"2018-11-15T09:33:16","slug":"la-falta-de-construccion-dispara-el-alquiler-en-vigo","status":"publish","type":"post","link":"https:\/\/aproin.com\/index.php\/la-falta-de-construccion-dispara-el-alquiler-en-vigo\/","title":{"rendered":"La falta de construcci\u00f3n dispara el alquiler en Vigo"},"content":{"rendered":"<p><span style=\"color: #3366ff;\"><strong>Los promotores aseguran que el sector &#8220;est\u00e1 muy vivo&#8221; pero advierten sobre los efectos de que se prolongue el par\u00f3n<\/strong><\/span><\/p>\n<p style=\"text-align: justify;\">Jos\u00e9 Teo de Andr\u00e9s \/ Atl\u00e1ntico Diario<\/p>\n<p>El sector de la promoci\u00f3n inmobiliaria considera que hoy por hoy hay mejores perspectivas en Vigo para invertir, tanto por empresas locales como nacionales o internacionales, aunque tambi\u00e9n advierte de que la inseguridad jur\u00eddica juega a la contra. Y que si no se acelera la promoci\u00f3n, el efecto ser\u00e1 el incremento del alquiler, lo que ya ocurre: estima la Asociaci\u00f3n de promotores <strong>Aproin<\/strong> que la media ha pasado de 350 euros a m\u00e1s de 550 en un corto plazo de tiempo.<\/p>\n<p>Estas fueron algunas de las conclusiones expuestas en la jornada celebrada por Aproin sobre <strong>\u201cPerspectivas del sector inmobiliario gallego\u201d<\/strong>, donde intervinieron, entre otros, la directora de Urbanismo de la Xunta y el gerente del Concello. Durante la jornada de ayer se habl\u00f3 m\u00e1s de la cuesti\u00f3n jur\u00eddica y el caso de Vigo, donde el Plan General se inicia en 2000 y una sentencia lo anula en 2015.<\/p>\n<p><strong>\u00bfC\u00f3mo est\u00e1 la situaci\u00f3n?<\/strong> Aproin destaca las nuevas figuras como fondos de inversi\u00f3n -Barrio do Cura- y la Sareb -Rosal\u00eda de Castro- y c\u00f3mo van a influir en Galicia y en Vigo. \u201cHay cierta esperanza de que a poco que haya una luz, que ser\u00e1 la ordenaci\u00f3n provisional (de urbanismo de Vigo)\u201d, explica Garrido. Destac\u00f3 que el sector se ha activado,&#8221; est\u00e1 vivo&#8221; y cualquier an\u00e1lisis de mercado que hagan operadores nacionales o locales ven que Vigo es interesante. <strong>\u00bfCu\u00e1ntos a\u00f1os lleva parada la promoci\u00f3n?<\/strong> &#8220;La crisis comenz\u00f3 en 2008, cuando se aprob\u00f3 el PGOM y hasta 2012 fue muy fuerte. Justo cuando pod\u00edamos remontar, lleg\u00f3 la suspensi\u00f3n del Plan, as\u00ed que hemos hecho muy poca vivienda porque no hemos podido. No llegamos a mil nuevas en diez a\u00f1os pero hay demanda&#8221;, explica Garrido. &#8220;La demanda siempre existe, y si no hay oferta, la reacci\u00f3n es subir arrendamiento de forma desproporcionada. El impuesto de hipotecas son 1.500 euros y se paga una vez. Pero sin vivienda nueva, el alquiler es 200 euros m\u00e1s al mes, 2.000 al a\u00f1o. Estaba en 350 y 550 ahora de media. Esa es la realidad&#8221;, sostuvo.<\/p>\n","protected":false},"excerpt":{"rendered":"<p>Los promotores aseguran que el sector &#8220;est\u00e1 muy vivo&#8221; pero advierten sobre los efectos de que se prolongue el par\u00f3n Jos\u00e9 Teo&#8230;<\/p>\n","protected":false},"author":1,"featured_media":2960,"comment_status":"open","ping_status":"open","sticky":false,"template":"","format":"standard","meta":[],"categories":[2],"tags":[],"_links":{"self":[{"href":"https:\/\/aproin.com\/index.php\/wp-json\/wp\/v2\/posts\/2959"}],"collection":[{"href":"https:\/\/aproin.com\/index.php\/wp-json\/wp\/v2\/posts"}],"about":[{"href":"https:\/\/aproin.com\/index.php\/wp-json\/wp\/v2\/types\/post"}],"author":[{"embeddable":true,"href":"https:\/\/aproin.com\/index.php\/wp-json\/wp\/v2\/users\/1"}],"replies":[{"embeddable":true,"href":"https:\/\/aproin.com\/index.php\/wp-json\/wp\/v2\/comments?post=2959"}],"version-history":[{"count":1,"href":"https:\/\/aproin.com\/index.php\/wp-json\/wp\/v2\/posts\/2959\/revisions"}],"predecessor-version":[{"id":2961,"href":"https:\/\/aproin.com\/index.php\/wp-json\/wp\/v2\/posts\/2959\/revisions\/2961"}],"wp:featuredmedia":[{"embeddable":true,"href":"https:\/\/aproin.com\/index.php\/wp-json\/wp\/v2\/media\/2960"}],"wp:attachment":[{"href":"https:\/\/aproin.com\/index.php\/wp-json\/wp\/v2\/media?parent=2959"}],"wp:term":[{"taxonomy":"category","embeddable":true,"href":"https:\/\/aproin.com\/index.php\/wp-json\/wp\/v2\/categories?post=2959"},{"taxonomy":"post_tag","embeddable":true,"href":"https:\/\/aproin.com\/index.php\/wp-json\/wp\/v2\/tags?post=2959"}],"curies":[{"name":"wp","href":"https:\/\/api.w.org\/{rel}","templated":true}]}}