{"id":2986,"date":"2018-11-27T10:04:30","date_gmt":"2018-11-27T09:04:30","guid":{"rendered":"https:\/\/aproin.com\/?p=2986"},"modified":"2018-11-27T10:04:30","modified_gmt":"2018-11-27T09:04:30","slug":"el-barrio-do-cura-mas-cerca-de-su-rehabilitacion","status":"publish","type":"post","link":"https:\/\/aproin.com\/index.php\/el-barrio-do-cura-mas-cerca-de-su-rehabilitacion\/","title":{"rendered":"El barrio do Cura, m\u00e1s cerca de su rehabilitaci\u00f3n"},"content":{"rendered":"<p><em>El DOGA publica hoy el informe ambiental para la modificaci\u00f3n puntual del Plan Xeral.<\/em><\/p>\n<p>Alejandro Mart\u00ednez \/ La Voz de Galicia<\/p>\n<p style=\"text-align: justify;\">El Diario Oficial de Galicia publica hoy el informe ambiental estrat\u00e9gico para llevar a cabo una modificaci\u00f3n puntual del PXOM para la tramitaci\u00f3n urban\u00edstica del barrio do Cura. El alcalde, Abel Caballero, ha afirmado esta ma\u00f1ana que se da un paso importante en la soluci\u00f3n \u00abde una de las grandes heridas de esta ciudad\u00bb.Ha destacado el impacto positivo que tendr\u00e1 sobre la movilidad y la generaci\u00f3n de plazas de aparcamiento, el establecimiento de zonas verdes, as\u00ed como la creaci\u00f3n de un nuevo mirador sobre la r\u00eda a un nivel m\u00e1s bajo que el paseo de Alfonso. La recuperaci\u00f3n del entorno dar\u00e1 adem\u00e1s una salida natural a la calle Torrecedeira. La recuperaci\u00f3n de este barrio degradado implicar\u00e1 nuevos equipamientos p\u00fablicos y bloques de edificios acordes con este espacio. Tras la tramitaci\u00f3n ambiental simplificada, se llevar\u00e1 a cabo la aprobaci\u00f3n inicial, la exposici\u00f3n p\u00fablica<strong> y en unos 16 meses comenzar\u00e1n las obras, seg\u00fan el plazo avanzado esta ma\u00f1ana por Abel Caballero.<\/strong><\/p>\n","protected":false},"excerpt":{"rendered":"<p>El DOGA publica hoy el informe ambiental para la modificaci\u00f3n puntual del Plan Xeral. Alejandro Mart\u00ednez \/ La Voz de Galicia El&#8230;<\/p>\n","protected":false},"author":1,"featured_media":2987,"comment_status":"open","ping_status":"open","sticky":false,"template":"","format":"standard","meta":[],"categories":[2],"tags":[],"_links":{"self":[{"href":"https:\/\/aproin.com\/index.php\/wp-json\/wp\/v2\/posts\/2986"}],"collection":[{"href":"https:\/\/aproin.com\/index.php\/wp-json\/wp\/v2\/posts"}],"about":[{"href":"https:\/\/aproin.com\/index.php\/wp-json\/wp\/v2\/types\/post"}],"author":[{"embeddable":true,"href":"https:\/\/aproin.com\/index.php\/wp-json\/wp\/v2\/users\/1"}],"replies":[{"embeddable":true,"href":"https:\/\/aproin.com\/index.php\/wp-json\/wp\/v2\/comments?post=2986"}],"version-history":[{"count":1,"href":"https:\/\/aproin.com\/index.php\/wp-json\/wp\/v2\/posts\/2986\/revisions"}],"predecessor-version":[{"id":2991,"href":"https:\/\/aproin.com\/index.php\/wp-json\/wp\/v2\/posts\/2986\/revisions\/2991"}],"wp:featuredmedia":[{"embeddable":true,"href":"https:\/\/aproin.com\/index.php\/wp-json\/wp\/v2\/media\/2987"}],"wp:attachment":[{"href":"https:\/\/aproin.com\/index.php\/wp-json\/wp\/v2\/media?parent=2986"}],"wp:term":[{"taxonomy":"category","embeddable":true,"href":"https:\/\/aproin.com\/index.php\/wp-json\/wp\/v2\/categories?post=2986"},{"taxonomy":"post_tag","embeddable":true,"href":"https:\/\/aproin.com\/index.php\/wp-json\/wp\/v2\/tags?post=2986"}],"curies":[{"name":"wp","href":"https:\/\/api.w.org\/{rel}","templated":true}]}}