{"id":3053,"date":"2019-01-15T10:31:41","date_gmt":"2019-01-15T09:31:41","guid":{"rendered":"https:\/\/aproin.com\/?p=3053"},"modified":"2019-01-15T10:31:41","modified_gmt":"2019-01-15T09:31:41","slug":"el-banco-malo-destina-5-millones-a-acabar-dos-bloques-de-pisos-parados-por-la-crisis-en-baiona","status":"publish","type":"post","link":"https:\/\/aproin.com\/index.php\/el-banco-malo-destina-5-millones-a-acabar-dos-bloques-de-pisos-parados-por-la-crisis-en-baiona\/","title":{"rendered":"El &#8220;banco malo&#8221; destina 5 millones a acabar dos bloques de pisos parados por la crisis en Baiona"},"content":{"rendered":"<p><em>La Sareb pondr\u00e1 a la venta las 73 viviendas de los inmuebles inacabados del Peri IV de Sabar\u00eds, que salieron a subasta sin \u00e9xito por 17 millones hace cuatro a\u00f1os<\/em><\/p>\n<p>Neli Pillado &#8211; Baiona \/ Faro de Vigo<\/p>\n<p style=\"text-align: justify;\">El pinchazo de la burbuja inmobiliaria dej\u00f3 dos bloques de pisos inacabados en la Avenida de Sabar\u00eds, a tan solo unos metros de la playa de A Ladeira. Desde hace casi una d\u00e9cada, los dos &#8220;esqueletos&#8221; de hormig\u00f3n siguen recordando los efectos de la crisis y afeando el paisaje urbano de la entrada a la tur\u00edstica villa de Baiona. Pero al fin pasar\u00e1n a la historia en unos meses. La Sociedad de Gesti\u00f3n de Activos procedentes de la Reestructuraci\u00f3n Bancaria (Sareb), conocida popularmente como el &#8220;banco malo&#8221; , los terminar\u00e1 con una inversi\u00f3n de 5 millones de euros, seg\u00fan confirm\u00f3 ayer.<\/p>\n<p style=\"text-align: justify;\">Fuentes de la sociedad creada en 2012 para liquidar los activos inmobiliarios de las entidades bancarias y minimizar as\u00ed sus riesgos aseguran que el remate de la construcci\u00f3n ha sido adjudicado a la compa\u00f1\u00eda Oreco y que los trabajos previos ya han arrancado. De hecho, operarios han limpiado la vegetaci\u00f3n del entorno para comenzar &#8220;cuanto antes&#8221;.<\/p>\n<p style=\"text-align: justify;\">Los edificios albergan un total de 104 fincas registrales, de las cuales 73 son viviendas y el resto, plazas de garaje y locales comerciales. Ninguno de estos bienes inmuebles figura por el momento en la oferta online de la Sareb, aunque la intenci\u00f3n de la sociedad es ponerlos a la venta, indican las mismas fuentes.<\/p>\n<p style=\"text-align: justify;\">La finalizaci\u00f3n de las obras pondr\u00e1 fin a una larga historia de contratiempos del proyecto inmobiliario. Lo inici\u00f3 la promotora ya extinguida Pirsa O Grove en el a\u00f1o 2007, pero los problemas econ\u00f3micos llevaron a la compa\u00f1\u00eda, que entr\u00f3 en concurso de acreedores de forma voluntaria en 2011, a dejar la obra a medias.<\/p>\n<p style=\"text-align: justify;\">Los bloques salieron as\u00ed a subasta en el Juzgado de lo Mercantil de Pontevedra en noviembre de 2012. Y lo hicieron a un precio de 17 millones de euros. La puja qued\u00f3 desierta y Abanca, entidad con la que la promotora hab\u00eda formalizado la hipoteca, se qued\u00f3 con la construcci\u00f3n que ahora finalizar\u00e1 la Sareb.<\/p>\n<p style=\"text-align: justify;\">El par\u00f3n de las obras hab\u00eda dejado una gr\u00faa de cincuenta metros de alto ubicada junto a las estructuras tambi\u00e9n paralizada durante cinco a\u00f1os, hasta que el Concello de Baiona orden\u00f3 su retirada por motivos de seguridad en 2015. La compa\u00f1\u00eda propietaria la retir\u00f3 tras dos requerimientos municipales y la operaci\u00f3n oblig\u00f3 a cortar el tr\u00e1fico en la zona debido a las dimensiones de los m\u00f3dulos.<\/p>\n","protected":false},"excerpt":{"rendered":"<p>La Sareb pondr\u00e1 a la venta las 73 viviendas de los inmuebles inacabados del Peri IV de Sabar\u00eds, que salieron a subasta&#8230;<\/p>\n","protected":false},"author":1,"featured_media":3054,"comment_status":"open","ping_status":"open","sticky":false,"template":"","format":"standard","meta":[],"categories":[2],"tags":[],"_links":{"self":[{"href":"https:\/\/aproin.com\/index.php\/wp-json\/wp\/v2\/posts\/3053"}],"collection":[{"href":"https:\/\/aproin.com\/index.php\/wp-json\/wp\/v2\/posts"}],"about":[{"href":"https:\/\/aproin.com\/index.php\/wp-json\/wp\/v2\/types\/post"}],"author":[{"embeddable":true,"href":"https:\/\/aproin.com\/index.php\/wp-json\/wp\/v2\/users\/1"}],"replies":[{"embeddable":true,"href":"https:\/\/aproin.com\/index.php\/wp-json\/wp\/v2\/comments?post=3053"}],"version-history":[{"count":1,"href":"https:\/\/aproin.com\/index.php\/wp-json\/wp\/v2\/posts\/3053\/revisions"}],"predecessor-version":[{"id":3055,"href":"https:\/\/aproin.com\/index.php\/wp-json\/wp\/v2\/posts\/3053\/revisions\/3055"}],"wp:featuredmedia":[{"embeddable":true,"href":"https:\/\/aproin.com\/index.php\/wp-json\/wp\/v2\/media\/3054"}],"wp:attachment":[{"href":"https:\/\/aproin.com\/index.php\/wp-json\/wp\/v2\/media?parent=3053"}],"wp:term":[{"taxonomy":"category","embeddable":true,"href":"https:\/\/aproin.com\/index.php\/wp-json\/wp\/v2\/categories?post=3053"},{"taxonomy":"post_tag","embeddable":true,"href":"https:\/\/aproin.com\/index.php\/wp-json\/wp\/v2\/tags?post=3053"}],"curies":[{"name":"wp","href":"https:\/\/api.w.org\/{rel}","templated":true}]}}