{"id":3182,"date":"2019-04-02T14:22:28","date_gmt":"2019-04-02T12:22:28","guid":{"rendered":"https:\/\/aproin.com\/?p=3182"},"modified":"2019-04-02T14:22:28","modified_gmt":"2019-04-02T12:22:28","slug":"xxv-edicion-de-los-premios-aproin","status":"publish","type":"post","link":"https:\/\/aproin.com\/index.php\/xxv-edicion-de-los-premios-aproin\/","title":{"rendered":"XXV edici\u00f3n de los PREMIOS APROIN"},"content":{"rendered":"<p>Tenemos el enorme placer de informar que el pr\u00f3ximo 11 de Abril, celebraremos en <strong>XXV Aniversario de los Premios Aproin\u00a0<\/strong><\/p>\n<p>El acto se celebrar\u00e1 un a\u00f1o m\u00e1s, en el C\u00edrculo de Empresarios de Galicia (Av. Garc\u00eda Barb\u00f3n n\u00ba 62), y\u00a0estar\u00e1 presidido por el Presidente de la Xunta de Galicia, D. Alberto N\u00fa\u00f1ez Feijoo.<br \/>\nUna vez terminada la entrega de los Premios, se servir\u00e1 un c\u00f3ctel para los asistentes.<br \/>\nEn breve enviaremos la oportuna nota de prensa con los premiados de este a\u00f1o.<\/p>\n<p style=\"text-align: center;\">Acto patrocinado por:<\/p>\n<p><a href=\"https:\/\/aproin.com\/wp-content\/uploads\/2019\/04\/patrocinios-Premio-2018.jpg\"><img loading=\"lazy\" class=\"alignnone size-medium wp-image-3183 aligncenter\" src=\"https:\/\/aproin.com\/wp-content\/uploads\/2019\/04\/patrocinios-Premio-2018-300x98.jpg\" alt=\"\" width=\"300\" height=\"98\" srcset=\"https:\/\/aproin.com\/wp-content\/uploads\/2019\/04\/patrocinios-Premio-2018-300x98.jpg 300w, https:\/\/aproin.com\/wp-content\/uploads\/2019\/04\/patrocinios-Premio-2018.jpg 640w\" sizes=\"(max-width: 300px) 100vw, 300px\" \/><\/a><\/p>\n","protected":false},"excerpt":{"rendered":"<p>Tenemos el enorme placer de informar que el pr\u00f3ximo 11 de Abril, celebraremos en XXV Aniversario de los Premios Aproin\u00a0 El acto&#8230;<\/p>\n","protected":false},"author":1,"featured_media":3184,"comment_status":"open","ping_status":"open","sticky":false,"template":"","format":"standard","meta":[],"categories":[1],"tags":[],"_links":{"self":[{"href":"https:\/\/aproin.com\/index.php\/wp-json\/wp\/v2\/posts\/3182"}],"collection":[{"href":"https:\/\/aproin.com\/index.php\/wp-json\/wp\/v2\/posts"}],"about":[{"href":"https:\/\/aproin.com\/index.php\/wp-json\/wp\/v2\/types\/post"}],"author":[{"embeddable":true,"href":"https:\/\/aproin.com\/index.php\/wp-json\/wp\/v2\/users\/1"}],"replies":[{"embeddable":true,"href":"https:\/\/aproin.com\/index.php\/wp-json\/wp\/v2\/comments?post=3182"}],"version-history":[{"count":1,"href":"https:\/\/aproin.com\/index.php\/wp-json\/wp\/v2\/posts\/3182\/revisions"}],"predecessor-version":[{"id":3185,"href":"https:\/\/aproin.com\/index.php\/wp-json\/wp\/v2\/posts\/3182\/revisions\/3185"}],"wp:featuredmedia":[{"embeddable":true,"href":"https:\/\/aproin.com\/index.php\/wp-json\/wp\/v2\/media\/3184"}],"wp:attachment":[{"href":"https:\/\/aproin.com\/index.php\/wp-json\/wp\/v2\/media?parent=3182"}],"wp:term":[{"taxonomy":"category","embeddable":true,"href":"https:\/\/aproin.com\/index.php\/wp-json\/wp\/v2\/categories?post=3182"},{"taxonomy":"post_tag","embeddable":true,"href":"https:\/\/aproin.com\/index.php\/wp-json\/wp\/v2\/tags?post=3182"}],"curies":[{"name":"wp","href":"https:\/\/api.w.org\/{rel}","templated":true}]}}