{"id":3188,"date":"2019-04-02T14:39:05","date_gmt":"2019-04-02T12:39:05","guid":{"rendered":"https:\/\/aproin.com\/?p=3188"},"modified":"2019-04-02T14:39:05","modified_gmt":"2019-04-02T12:39:05","slug":"en-vigo-se-preve-un-crecimiento-muy-fuerte-en-los-proximos-anos","status":"publish","type":"post","link":"https:\/\/aproin.com\/index.php\/en-vigo-se-preve-un-crecimiento-muy-fuerte-en-los-proximos-anos\/","title":{"rendered":"En Vigo se prev\u00e9 un crecimiento muy fuerte en los pr\u00f3ximos a\u00f1os&#8221;"},"content":{"rendered":"<p style=\"text-align: justify;\">Carlos Ponce \/ Faro de Vigo<\/p>\n<p style=\"text-align: justify;\">El ourensano Benito Iglesias lleva ya seis a\u00f1os como presidente de la Federaci\u00f3n Galega de Empresas Inmobiliarias (Fegein). Tiene claro que Vigo es la ciudad gallega con mayor potencial para atraer a promotores.<\/p>\n<p style=\"text-align: justify;\"><strong>-\u00bfPor qu\u00e9 cree que en Vigo ha habido un crecimiento tan grande del n\u00famero de inmobiliarias desde la salida de la crisis?<\/strong><\/p>\n<p style=\"text-align: justify;\">-Lo primero, porque se van a liberar 23 millones de metros cuadrados con la aprobaci\u00f3n del plan urban\u00edstico. Eso es clave. Y luego porque claro, esta ciudad se ha convertido en un aut\u00e9ntico pulm\u00f3n econ\u00f3mico, industrial y tur\u00edstico. Vigo para Galicia lo que es Oporto para Portugal. Es la ciudad donde hay m\u00e1s contrataci\u00f3n, m\u00e1s movilidad laboral y claro, m\u00e1s poblaci\u00f3n. Adem\u00e1s, la mayor parte de la demanda de viviendas tur\u00edsticas vacacionales se concentra en las R\u00edas Baixas. En Vigo est\u00e1 adem\u00e1s la mayor inmobiliaria de Galicia.<\/p>\n<p style=\"text-align: justify;\"><strong>-\u00bfPor qu\u00e9 tantas empresas est\u00e1n abandonando Ourense para apostar por la ciudad ol\u00edvica?<\/strong><\/p>\n<p style=\"text-align: justify;\">-Porque tambi\u00e9n somos del sur de Galicia y est\u00e1 relativamente cerca. Adem\u00e1s en Ourense no hay PXOM y las empresas tienen que buscar un lugar donde haya una carga de trabajo para pagar n\u00f3minas, cubrir gastos, etc\u00e9tera. En Vigo se prev\u00e9 un crecimiento muy fuerte en los pr\u00f3ximos a\u00f1os. Un inversor busca seguridad y rentabilidad y Vigo se lo ofrece. Van a ser muchas las empresas que se ubiquen aqu\u00ed. Hasta ahora no hab\u00eda PXOM y el hecho de aprobar la ordenaci\u00f3n urban\u00edstica atraer\u00e1 a muchos agentes econ\u00f3micos. La mayor parte de las operaciones inmobiliarias se concentran en Vigo y A Coru\u00f1a, pero es Vigo la que tiene un mayor recorrido. Adem\u00e1s, la gente piensa que las inmobiliarias solo viven de alquilar pisos y eso no es as\u00ed. Tal y como est\u00e1 de complicado el mercado del arrendamiento de viviendas, muchas inmobiliarias se vuelcan en la venta de pisos, alquiler de bajos comerciales o naves industriales.<\/p>\n","protected":false},"excerpt":{"rendered":"<p>Carlos Ponce \/ Faro de Vigo El ourensano Benito Iglesias lleva ya seis a\u00f1os como presidente de la Federaci\u00f3n Galega de Empresas&#8230;<\/p>\n","protected":false},"author":1,"featured_media":3189,"comment_status":"open","ping_status":"open","sticky":false,"template":"","format":"standard","meta":[],"categories":[2],"tags":[],"_links":{"self":[{"href":"https:\/\/aproin.com\/index.php\/wp-json\/wp\/v2\/posts\/3188"}],"collection":[{"href":"https:\/\/aproin.com\/index.php\/wp-json\/wp\/v2\/posts"}],"about":[{"href":"https:\/\/aproin.com\/index.php\/wp-json\/wp\/v2\/types\/post"}],"author":[{"embeddable":true,"href":"https:\/\/aproin.com\/index.php\/wp-json\/wp\/v2\/users\/1"}],"replies":[{"embeddable":true,"href":"https:\/\/aproin.com\/index.php\/wp-json\/wp\/v2\/comments?post=3188"}],"version-history":[{"count":1,"href":"https:\/\/aproin.com\/index.php\/wp-json\/wp\/v2\/posts\/3188\/revisions"}],"predecessor-version":[{"id":3190,"href":"https:\/\/aproin.com\/index.php\/wp-json\/wp\/v2\/posts\/3188\/revisions\/3190"}],"wp:featuredmedia":[{"embeddable":true,"href":"https:\/\/aproin.com\/index.php\/wp-json\/wp\/v2\/media\/3189"}],"wp:attachment":[{"href":"https:\/\/aproin.com\/index.php\/wp-json\/wp\/v2\/media?parent=3188"}],"wp:term":[{"taxonomy":"category","embeddable":true,"href":"https:\/\/aproin.com\/index.php\/wp-json\/wp\/v2\/categories?post=3188"},{"taxonomy":"post_tag","embeddable":true,"href":"https:\/\/aproin.com\/index.php\/wp-json\/wp\/v2\/tags?post=3188"}],"curies":[{"name":"wp","href":"https:\/\/api.w.org\/{rel}","templated":true}]}}