{"id":3219,"date":"2019-04-23T11:13:51","date_gmt":"2019-04-23T09:13:51","guid":{"rendered":"https:\/\/aproin.com\/?p=3219"},"modified":"2019-04-23T11:13:51","modified_gmt":"2019-04-23T09:13:51","slug":"a-xunta-amplia-a-area-de-rehabilitacion-integral-dos-caminos-de-santiago-a-18-concellos-mais-coa-inclusion-de-duas-novas-rutas","status":"publish","type":"post","link":"https:\/\/aproin.com\/index.php\/a-xunta-amplia-a-area-de-rehabilitacion-integral-dos-caminos-de-santiago-a-18-concellos-mais-coa-inclusion-de-duas-novas-rutas\/","title":{"rendered":"A XUNTA AMPL\u00cdA A \u00c1REA DE REHABILITACI\u00d3N INTEGRAL DOS CAMI\u00d1OS DE SANTIAGO A 18 CONCELLOS M\u00c1IS COA INCLUSI\u00d3N DE D\u00daAS NOVAS RUTAS"},"content":{"rendered":"<p style=\"text-align: justify;\"><strong>\u2022 O Instituto Galego da Vivenda e Solo e o Ministerio de Fomento ve\u00f1en de acordar a incorporaci\u00f3n do Cami\u00f1o de Inverno e do Portugu\u00e9s pola costa e tam\u00e9n asinaron o convenio polo que se destinar\u00e1n 1,5 mill\u00f3ns de euros \u00e1s axudas de 2019 <\/strong><br \/>\n<strong>\u2022 Con esta ampliaci\u00f3n, a ARI comprender\u00e1 un total de 687 parroquias pertencentes a 126 concellos que se poder\u00e1n beneficiar de subvenci\u00f3ns para rehabilitar vivendas<\/strong><\/p>\n<p style=\"text-align: justify;\">Santiago de Compostela (IGVS)<br \/>\nA \u00c1rea de Rehabilitaci\u00f3n Integral (ARI) dos Cami\u00f1os de Santiago estender\u00e1 o seu \u00e1mbito de actuaci\u00f3n coa incorporaci\u00f3n dos trazados do Cami\u00f1o de Inverno e do Cami\u00f1o Portugu\u00e9s pola costa. As\u00ed o acordaron o Instituto Galego da Vivenda e Solo (IGVS) e o Ministerio de Fomento, que ve\u00f1en de asinar esta ampliaci\u00f3n, as\u00ed como o convenio para o financiamento das actuaci\u00f3ns a realizar nesta \u00e1rea en 2019.<\/p>\n<p style=\"text-align: justify;\">Ata o momento, a ARI dos Cami\u00f1os de Santiago inclu\u00eda un total de 568 parroquias pertencentes a 108 concellos polos que transcorren as rutas do Cami\u00f1o Franc\u00e9s, Ingl\u00e9s, Portugu\u00e9s, da Prata, do Norte, Primitivo e de Fisterra-Mux\u00eda.<\/p>\n<p style=\"text-align: justify;\">Coa incorporaci\u00f3n agora da ruta de Inverno e o trazado do Cami\u00f1o Portugu\u00e9s pola costa, a \u00e1rea est\u00e9ndese a outras 99 parroquias de 20 municipios, a\u00ednda que dous deles (Lal\u00edn e Redondela) xa estaban inclu\u00eddos antes ao atoparse no percorrido dalgunha das outras rutas. Polo tanto, a ARI dos Cami\u00f1os de Santiago comprender\u00e1 un total de 687 parroquias distribu\u00eddas entre 126 concellos.<\/p>\n<p><strong>NOVOS CONCELLOS INCLU\u00cdDOS NA AMPLIACI\u00d3N DA ARI CAMI\u00d1OS DE SANTIAGO<\/strong><\/p>\n<p>CAMI\u00d1O DE INVERNO<\/p>\n<p>CAMI\u00d1O PORTUGU\u00c9S POLA COSTA<\/p>\n<p>A Pobra do Broll\u00f3n<\/p>\n<p>A Guarda<\/p>\n<p>Chantada<\/p>\n<p>Baiona<\/p>\n<p>Monforte de Lemos<\/p>\n<p>Nigr\u00e1n<\/p>\n<p>Quiroga<\/p>\n<p>Oia<\/p>\n<p>A R\u00faa<\/p>\n<p>O Rosal<\/p>\n<p>Carballeda de Valdeorras<\/p>\n<p>Redondela<\/p>\n<p>O Barco de Valdeorras<\/p>\n<p>Vigo<\/p>\n<p>Rubi\u00e1<\/p>\n<p>Vilamart\u00edn de Valdeorras<\/p>\n<p>Lal\u00edn<\/p>\n<p>Rodeiro<\/p>\n<p style=\"text-align: justify;\"><strong>Novas axudas para a rehabilitaci\u00f3n<\/strong><br \/>\nAdemais da ampliaci\u00f3n, o IGVS e o Ministerio de Fomento acaban de asinar tam\u00e9n o convenio de financiamento que contempla as subvenci\u00f3ns nesta ARI para o ano 2019 e en virtude do cal destinaranse 1,5 mill\u00f3ns de euros \u00e1s axudas para a rehabilitaci\u00f3n de vivendas nas nove rutas do Cami\u00f1o de Santiago inclu\u00eddas na mesma.<\/p>\n<p style=\"text-align: justify;\">C\u00f3mpre lembrar que ao tratarse dunha ARI supramunicipal (a \u00fanica existente en Galicia xunto coa do Parque Nacional Mar\u00edtimo Terrestre das Illas Atl\u00e1nticas, declarada o pasado mes de xaneiro) a s\u00faa xesti\u00f3n recae directamente no IGVS, organismo dependente da Conseller\u00eda de Medio Ambiente, Territorio e Vivenda.<\/p>\n<p style=\"text-align: justify;\">As subvenci\u00f3ns para intervir este ano na ARI dos Cami\u00f1os de Santiago, cuxa convocatoria est\u00e1 prevista para as pr\u00f3ximas semanas, van destinadas a propietarios de vivendas e comunidades para a realizaci\u00f3n de obras de rehabilitaci\u00f3n cun importe m\u00e1ximo de 16.000 euros por vivenda, cont\u00eda que se poder\u00e1 incrementar en 1.000 euros m\u00e1is cando a actuaci\u00f3n se adapte \u00e1 Gu\u00eda de cores e materiais aprobada pola Xunta de Galicia.<\/p>\n<p style=\"text-align: justify;\">No caso dos demandantes menores de 35 anos que rehabiliten as s\u00faas vivendas ao abeiro destas axudas en concellos de menos de 5.000 habitantes, o importe da subvenci\u00f3n poder\u00e1 chegar ata os 20.000 euros por inmoble, sempre que a actuaci\u00f3n se adapte tam\u00e9n \u00e1 Gu\u00eda de cores e materiais.<\/p>\n","protected":false},"excerpt":{"rendered":"<p>\u2022 O Instituto Galego da Vivenda e Solo e o Ministerio de Fomento ve\u00f1en de acordar a incorporaci\u00f3n do Cami\u00f1o de Inverno&#8230;<\/p>\n","protected":false},"author":1,"featured_media":3047,"comment_status":"open","ping_status":"open","sticky":false,"template":"","format":"standard","meta":[],"categories":[2],"tags":[],"_links":{"self":[{"href":"https:\/\/aproin.com\/index.php\/wp-json\/wp\/v2\/posts\/3219"}],"collection":[{"href":"https:\/\/aproin.com\/index.php\/wp-json\/wp\/v2\/posts"}],"about":[{"href":"https:\/\/aproin.com\/index.php\/wp-json\/wp\/v2\/types\/post"}],"author":[{"embeddable":true,"href":"https:\/\/aproin.com\/index.php\/wp-json\/wp\/v2\/users\/1"}],"replies":[{"embeddable":true,"href":"https:\/\/aproin.com\/index.php\/wp-json\/wp\/v2\/comments?post=3219"}],"version-history":[{"count":1,"href":"https:\/\/aproin.com\/index.php\/wp-json\/wp\/v2\/posts\/3219\/revisions"}],"predecessor-version":[{"id":3220,"href":"https:\/\/aproin.com\/index.php\/wp-json\/wp\/v2\/posts\/3219\/revisions\/3220"}],"wp:featuredmedia":[{"embeddable":true,"href":"https:\/\/aproin.com\/index.php\/wp-json\/wp\/v2\/media\/3047"}],"wp:attachment":[{"href":"https:\/\/aproin.com\/index.php\/wp-json\/wp\/v2\/media?parent=3219"}],"wp:term":[{"taxonomy":"category","embeddable":true,"href":"https:\/\/aproin.com\/index.php\/wp-json\/wp\/v2\/categories?post=3219"},{"taxonomy":"post_tag","embeddable":true,"href":"https:\/\/aproin.com\/index.php\/wp-json\/wp\/v2\/tags?post=3219"}],"curies":[{"name":"wp","href":"https:\/\/api.w.org\/{rel}","templated":true}]}}