{"id":3228,"date":"2019-04-25T12:09:28","date_gmt":"2019-04-25T10:09:28","guid":{"rendered":"https:\/\/aproin.com\/?p=3228"},"modified":"2019-04-25T12:21:37","modified_gmt":"2019-04-25T10:21:37","slug":"ampliacion-de-capital-kala-investments-oportunidades-de-inversion-en-el-sector-inmobiliario","status":"publish","type":"post","link":"https:\/\/aproin.com\/index.php\/ampliacion-de-capital-kala-investments-oportunidades-de-inversion-en-el-sector-inmobiliario\/","title":{"rendered":"Ampliaci\u00f3n de Capital Kala Investments. Oportunidades de inversi\u00f3n en el sector inmobiliario"},"content":{"rendered":"<p><a href=\"https:\/\/aproin.com\/wp-content\/uploads\/2019\/04\/logo-Kala-red-4.jpg\"><img loading=\"lazy\" class=\"alignnone size-medium wp-image-3232\" src=\"https:\/\/aproin.com\/wp-content\/uploads\/2019\/04\/logo-Kala-red-4-300x102.jpg\" alt=\"\" width=\"300\" height=\"102\" \/><\/a><\/p>\n<p style=\"text-align: justify;\">El CEO de <strong><a href=\"https:\/\/kalainvestments.com\/\">Kala Investments<\/a>, D. Javier Represas, <\/strong>\u00a0presentar\u00e1 el pr\u00f3ximo <strong>9 de mayo a las 10 h en el C\u00edrculo de Empresarios de Galicia<\/strong>, en el marco de los <em>Desayunos APROIN<\/em>, las condiciones de la 2\u00aa Ampliaci\u00f3n de Capital en esta sociedad de inversi\u00f3n.<br \/>\nKala Investments es una sociedad constituida en Galicia, especializada en activo inmobiliario de uso terciario, en particular oficinas, naves industriales y log\u00edsticas. Una iniciativa promovida por inversores, directivos y empresarios vinculados al tejido productivo gallego y a su desarrollo. Una oportunidad de participar en condiciones ventajosas en una sociedad altamente cualificada, con un equipo experimentado y en un segmento de inversi\u00f3n en crecimiento, seguro y rentable.<\/p>\n<p style=\"text-align: justify;\">Si est\u00e1s interesado\/a en asistir, <u>por favor confirma tu asistencia antes del pr\u00f3ximo lunes 6 de mayo<\/u> por correo electr\u00f3nico a <a href=\"mailto:aproin@aproin.com\">aproin@aproin.com<\/a> (n\u00famero de plazas limitado).<\/p>\n<p style=\"text-align: justify;\">Estamos seguros que ser\u00e1 una jornada muy interesante.<\/p>\n<p>Un cordial saludo y muchas gracias.<\/p>\n<p>&nbsp;<\/p>\n<p><strong><em>**Kala Asset Investments es empresa colaboradora de APROIN <\/em><\/strong><\/p>\n","protected":false},"excerpt":{"rendered":"<p>El CEO de Kala Investments, D. Javier Represas, \u00a0presentar\u00e1 el pr\u00f3ximo 9 de mayo a las 10 h en el C\u00edrculo de&#8230;<\/p>\n","protected":false},"author":1,"featured_media":3229,"comment_status":"open","ping_status":"open","sticky":false,"template":"","format":"standard","meta":[],"categories":[1],"tags":[],"_links":{"self":[{"href":"https:\/\/aproin.com\/index.php\/wp-json\/wp\/v2\/posts\/3228"}],"collection":[{"href":"https:\/\/aproin.com\/index.php\/wp-json\/wp\/v2\/posts"}],"about":[{"href":"https:\/\/aproin.com\/index.php\/wp-json\/wp\/v2\/types\/post"}],"author":[{"embeddable":true,"href":"https:\/\/aproin.com\/index.php\/wp-json\/wp\/v2\/users\/1"}],"replies":[{"embeddable":true,"href":"https:\/\/aproin.com\/index.php\/wp-json\/wp\/v2\/comments?post=3228"}],"version-history":[{"count":2,"href":"https:\/\/aproin.com\/index.php\/wp-json\/wp\/v2\/posts\/3228\/revisions"}],"predecessor-version":[{"id":3233,"href":"https:\/\/aproin.com\/index.php\/wp-json\/wp\/v2\/posts\/3228\/revisions\/3233"}],"wp:featuredmedia":[{"embeddable":true,"href":"https:\/\/aproin.com\/index.php\/wp-json\/wp\/v2\/media\/3229"}],"wp:attachment":[{"href":"https:\/\/aproin.com\/index.php\/wp-json\/wp\/v2\/media?parent=3228"}],"wp:term":[{"taxonomy":"category","embeddable":true,"href":"https:\/\/aproin.com\/index.php\/wp-json\/wp\/v2\/categories?post=3228"},{"taxonomy":"post_tag","embeddable":true,"href":"https:\/\/aproin.com\/index.php\/wp-json\/wp\/v2\/tags?post=3228"}],"curies":[{"name":"wp","href":"https:\/\/api.w.org\/{rel}","templated":true}]}}