{"id":3326,"date":"2019-06-04T10:14:26","date_gmt":"2019-06-04T08:14:26","guid":{"rendered":"https:\/\/aproin.com\/?p=3326"},"modified":"2019-06-04T10:14:26","modified_gmt":"2019-06-04T08:14:26","slug":"urbanismo-facilita-las-licencias-para-cuatro-rehabilitaciones-en-el-casco-vello","status":"publish","type":"post","link":"https:\/\/aproin.com\/index.php\/urbanismo-facilita-las-licencias-para-cuatro-rehabilitaciones-en-el-casco-vello\/","title":{"rendered":"Urbanismo facilita las licencias para cuatro rehabilitaciones en el Casco Vello"},"content":{"rendered":"<p style=\"text-align: justify;\"><strong>El pazo del Marqu\u00e9s es uno de los edificios pendientes de recuperaci\u00f3n<\/strong><\/p>\n<p>L.C.LL.<br \/>\nVIGO \/ LA VOZ<\/p>\n<p>La Gerencia de Urbanismo del Ayuntamiento de Vigo concedi\u00f3 licencias de rehabilitaci\u00f3n para inmuebles situados en la calle Oliva, Ribeira de O Berb\u00e9s y Chao. Adem\u00e1s, ya est\u00e1 aprobado el proyecto para la demolici\u00f3n de una ruina en Sombrereiros y la construcci\u00f3n de una nueva vivienda en la misma parcela. En O Berb\u00e9s se ha dado el visto bueno a la recuperaci\u00f3n de un inmueble de cuatro plantas que colinda con el futuro albergue de peregrinos de la Xunta.\u00abLa recuperaci\u00f3n del Casco Vello es uno de nuestros objetivos prioritarios, la demolici\u00f3n en Barrio del Cura va a velocidad de crucero y ahora damos licencias para cuatro rehabilitaciones en diferentes zonas\u00bb, asegur\u00f3 ayer el alcalde, Abel Caballero. El regidor se refer\u00eda a los cuatro proyectos que est\u00e1n en marcha actualmente en la zona hist\u00f3rica de la ciudad. Uno de ellos es la ejecuci\u00f3n de la obra del Pazo del Marqu\u00e9s, en la confluencia de la calle Oliva con Xoanelo, que cuenta ya con una pr\u00f3rroga. Este proyecto tiene un coste de 1.591.000 euros y el propietario no ha podido acometerlo a\u00fan, por lo que le expiraba la licencia. Ahora Urbanismo le ha concedido otra para que pueda acometer el proyecto de recuperaci\u00f3n de este edificio emblem\u00e1tico.<\/p>\n<p style=\"text-align: justify;\">Adem\u00e1s, la Gerencia concedi\u00f3 licencia para reformar una vivienda en el n\u00famero 5 de la calle Chao y otra para demoler el edificio del n\u00famero 7 de Ribeira del Berb\u00e9s. Todos estos inmuebles fueron comprados por el Consorcio del Casco Vello presidido por la Xunta. Por \u00faltimo, en el n\u00famero 6 de Sombrereiros ya se llev\u00f3 a cabo la demolici\u00f3n de una ruina y est\u00e1 en obras la construcci\u00f3n de un nuevo edificio.El Consorcio del Casco Vello ya ha adquirido ocho edificaciones en la fachada mar\u00edtima. Despu\u00e9s de rehabilitarlas se les dar\u00e1 uso p\u00fablico o se convertir\u00e1n en promociones para ser vendidas a particulares.<\/p>\n","protected":false},"excerpt":{"rendered":"<p>El pazo del Marqu\u00e9s es uno de los edificios pendientes de recuperaci\u00f3n L.C.LL. VIGO \/ LA VOZ La Gerencia de Urbanismo del&#8230;<\/p>\n","protected":false},"author":1,"featured_media":3327,"comment_status":"open","ping_status":"open","sticky":false,"template":"","format":"standard","meta":[],"categories":[2],"tags":[],"_links":{"self":[{"href":"https:\/\/aproin.com\/index.php\/wp-json\/wp\/v2\/posts\/3326"}],"collection":[{"href":"https:\/\/aproin.com\/index.php\/wp-json\/wp\/v2\/posts"}],"about":[{"href":"https:\/\/aproin.com\/index.php\/wp-json\/wp\/v2\/types\/post"}],"author":[{"embeddable":true,"href":"https:\/\/aproin.com\/index.php\/wp-json\/wp\/v2\/users\/1"}],"replies":[{"embeddable":true,"href":"https:\/\/aproin.com\/index.php\/wp-json\/wp\/v2\/comments?post=3326"}],"version-history":[{"count":1,"href":"https:\/\/aproin.com\/index.php\/wp-json\/wp\/v2\/posts\/3326\/revisions"}],"predecessor-version":[{"id":3328,"href":"https:\/\/aproin.com\/index.php\/wp-json\/wp\/v2\/posts\/3326\/revisions\/3328"}],"wp:featuredmedia":[{"embeddable":true,"href":"https:\/\/aproin.com\/index.php\/wp-json\/wp\/v2\/media\/3327"}],"wp:attachment":[{"href":"https:\/\/aproin.com\/index.php\/wp-json\/wp\/v2\/media?parent=3326"}],"wp:term":[{"taxonomy":"category","embeddable":true,"href":"https:\/\/aproin.com\/index.php\/wp-json\/wp\/v2\/categories?post=3326"},{"taxonomy":"post_tag","embeddable":true,"href":"https:\/\/aproin.com\/index.php\/wp-json\/wp\/v2\/tags?post=3326"}],"curies":[{"name":"wp","href":"https:\/\/api.w.org\/{rel}","templated":true}]}}