{"id":3365,"date":"2019-07-05T11:04:08","date_gmt":"2019-07-05T09:04:08","guid":{"rendered":"https:\/\/aproin.com\/?p=3365"},"modified":"2019-07-05T11:04:08","modified_gmt":"2019-07-05T09:04:08","slug":"cuatro-de-cada-diez-espanoles-limitarian-el-precio-de-los-alquileres","status":"publish","type":"post","link":"https:\/\/aproin.com\/index.php\/cuatro-de-cada-diez-espanoles-limitarian-el-precio-de-los-alquileres\/","title":{"rendered":"Cuatro de cada diez espa\u00f1oles limitar\u00edan el precio de los alquileres"},"content":{"rendered":"<p style=\"text-align: justify;\"><em>Casi el 82 % prefieren comprar una casa que vivir en r\u00e9gimen de alquiler<\/em><\/p>\n<p>EUROPA PRESS<\/p>\n<p>El problema de la vivienda ya no est\u00e1 entre las principales preocupaciones de los espa\u00f1oles, ni ven que lo sea para el pa\u00eds frente al paro -la gran asignatura pendiente a juicio del 62,5% de los ciudadanos, seg\u00fan el \u00faltimo bar\u00f3metro publicado ayer por el CIS- e incluso las cuestiones econ\u00f3micas (25,4%). Sin embargo, no est\u00e1 lejos de las pensiones, el principal problema para el 14,6 %, frente al 6,8% que destacan las cuestiones inmobiliarias.En cualquier caso, mantiene un peso relevante porque a ocho de cada diez espa\u00f1oles -el 81,8 % de quienes no tienen residencia propia- les gustar\u00eda m\u00e1s comprar una casa que vivir en r\u00e9gimen de alquiler. Y hasta el 90 % consideran que el Gobierno deber\u00eda proteger \u00abde manera activa\u00bb el derecho constitucional a tener una vivienda digna. En este sentido, la secretaria general del ramo, Helena Beunza, coincidi\u00f3 ayer con ejecutivos del sector en que es necesario un pacto de Estado de larga duraci\u00f3n, m\u00e1s de 15 a\u00f1os. Pero, \u00bfc\u00f3mo deber\u00eda protegerse ese derecho? Para cuatro de cada diez (el 41,8 %) deber\u00eda establecerse \u00abuna pol\u00edtica de limitaci\u00f3n del precio de los alquileres\u00bb. No obstante, algo m\u00e1s de la mitad (52,8 %) sit\u00faan en primer lugar la construcci\u00f3n de viviendas sociales para las personas que tienen pocos recursos econ\u00f3micos. No muchos menos demandan que se concedan hipotecas \u00abbaratas\u00bb (el 49,9 %), e incluso que se fomente la construcci\u00f3n de casas a coste \u00abasequible para las clases medias\u00bb (el 46,9 %). Tres de cada diez solicitan incluso que se \u00absocialice el suelo\u00bb para evitar que luego se encarezcan los precios finales de los inmuebles.<\/p>\n<p style=\"text-align: justify;\"><strong>Un parque p\u00fablico<\/strong><br \/>\nNo obstante, de nuevo pr\u00e1cticamente cuatro de cada diez espa\u00f1oles insisten en el tema del alquiler, pues reclaman (el 38,3%) un parque p\u00fablico suficiente de este tipo de viviendas. Eso s\u00ed, una abrumadora mayor\u00eda de casi el 82 % prefieren tener una casa en propiedad que residir en r\u00e9gimen de arrendamiento, mientras que el 13 % lo seguir\u00edan eligiendo aunque tuvieran capacidad para adquirir un inmueble. Y es que la raz\u00f3n esgrimida por casi la mitad (el 45 %) de quienes viven en alquiler para no comprar es \u00abno tener ingresos suficientes\u00bb.<\/p>\n","protected":false},"excerpt":{"rendered":"<p>Casi el 82 % prefieren comprar una casa que vivir en r\u00e9gimen de alquiler EUROPA PRESS El problema de la vivienda ya&#8230;<\/p>\n","protected":false},"author":1,"featured_media":2647,"comment_status":"open","ping_status":"open","sticky":false,"template":"","format":"standard","meta":[],"categories":[2],"tags":[],"_links":{"self":[{"href":"https:\/\/aproin.com\/index.php\/wp-json\/wp\/v2\/posts\/3365"}],"collection":[{"href":"https:\/\/aproin.com\/index.php\/wp-json\/wp\/v2\/posts"}],"about":[{"href":"https:\/\/aproin.com\/index.php\/wp-json\/wp\/v2\/types\/post"}],"author":[{"embeddable":true,"href":"https:\/\/aproin.com\/index.php\/wp-json\/wp\/v2\/users\/1"}],"replies":[{"embeddable":true,"href":"https:\/\/aproin.com\/index.php\/wp-json\/wp\/v2\/comments?post=3365"}],"version-history":[{"count":1,"href":"https:\/\/aproin.com\/index.php\/wp-json\/wp\/v2\/posts\/3365\/revisions"}],"predecessor-version":[{"id":3366,"href":"https:\/\/aproin.com\/index.php\/wp-json\/wp\/v2\/posts\/3365\/revisions\/3366"}],"wp:featuredmedia":[{"embeddable":true,"href":"https:\/\/aproin.com\/index.php\/wp-json\/wp\/v2\/media\/2647"}],"wp:attachment":[{"href":"https:\/\/aproin.com\/index.php\/wp-json\/wp\/v2\/media?parent=3365"}],"wp:term":[{"taxonomy":"category","embeddable":true,"href":"https:\/\/aproin.com\/index.php\/wp-json\/wp\/v2\/categories?post=3365"},{"taxonomy":"post_tag","embeddable":true,"href":"https:\/\/aproin.com\/index.php\/wp-json\/wp\/v2\/tags?post=3365"}],"curies":[{"name":"wp","href":"https:\/\/api.w.org\/{rel}","templated":true}]}}