{"id":3429,"date":"2019-09-27T10:09:29","date_gmt":"2019-09-27T08:09:29","guid":{"rendered":"https:\/\/aproin.com\/?p=3429"},"modified":"2019-09-27T10:09:29","modified_gmt":"2019-09-27T08:09:29","slug":"el-consorcio-casco-vello-vende-un-edificio-vacio-en-la-calle-real","status":"publish","type":"post","link":"https:\/\/aproin.com\/index.php\/el-consorcio-casco-vello-vende-un-edificio-vacio-en-la-calle-real\/","title":{"rendered":"El Consorcio Casco Vello vende un edificio vac\u00edo en la calle Real"},"content":{"rendered":"<p style=\"text-align: justify;\">Atl\u00e1ntico Diario \/ redacci\u00f3n<\/p>\n<p><em>La presidenta del Consorcio Casco Vello (CCVV) y delegada de la Xunta en Vigo, Corina Porro, inform\u00f3 de la venta a Zona Franca de la propiedad de la calle Real 27. Una operaci\u00f3n que supondr\u00e1 para el ente p\u00fablico unos ingresos de 808.220 euros que permitir\u00e1n la adquisici\u00f3n y rehabilitaci\u00f3n de nuevos inmuebles.<\/em><\/p>\n<p>Dicha edificaci\u00f3n fue cedida en 2016 por el Consorcio del Casco Vello en derecho de superficie a Down Vigo, en un acuerdo que implicaba la rehabilitaci\u00f3n del inmueble por parte de esta asociaci\u00f3n que nunca lleg\u00f3 a ejecutarse.<\/p>\n<p style=\"text-align: justify;\">Tras el inter\u00e9s manifestado por la propiedad por Zona Franca, y toda vez que Down Vigo renunci\u00f3 el derecho de superficie el pasado 5 de septiembre, la edificaci\u00f3n pasar\u00e1 la manos del organismo estatal. \u201cDespejamos el camino para la instalaci\u00f3n en el inmueble, una vez que Zona Franca lo rehabilite, de la sede de Down Vigo\u201d, subray\u00f3. Porro tambi\u00e9n se mostr\u00f3 de acuerdo en que la Xunta aporte 5 millones m\u00e1s al Casco Vello, como pidi\u00f3 el pleno con el voto del PP, el &#8220;o m\u00e1s, siempre que haya posibilidades de rehabilitar edificios, y para eso el Concello debe expropiar&#8221;, advirti\u00f3.<br \/>\nPor otra parte, el consejo de administraci\u00f3n dio el visto bueno al inicio de venta de Cruz Verde 12 y al proceso de selecci\u00f3n de solicitantes de una vivienda en San Sebasti\u00e1n 24-26. Se trata de dos nuevas viviendas de promoci\u00f3n auton\u00f3mica de tres habitaciones y un local comercial.<br \/>\nDesde que en 2005 echara a andar, el CCVV adquiri\u00f3 78 inmuebles: 60 ya est\u00e1n rehabilitados y dieron 106 viviendas y 32 locales comerciales. La inversi\u00f3n total desde su constituci\u00f3n supera los 45 millones de euros.<\/p>\n","protected":false},"excerpt":{"rendered":"<p>Atl\u00e1ntico Diario \/ redacci\u00f3n La presidenta del Consorcio Casco Vello (CCVV) y delegada de la Xunta en Vigo, Corina Porro, inform\u00f3 de&#8230;<\/p>\n","protected":false},"author":1,"featured_media":3327,"comment_status":"open","ping_status":"open","sticky":false,"template":"","format":"standard","meta":[],"categories":[2],"tags":[],"_links":{"self":[{"href":"https:\/\/aproin.com\/index.php\/wp-json\/wp\/v2\/posts\/3429"}],"collection":[{"href":"https:\/\/aproin.com\/index.php\/wp-json\/wp\/v2\/posts"}],"about":[{"href":"https:\/\/aproin.com\/index.php\/wp-json\/wp\/v2\/types\/post"}],"author":[{"embeddable":true,"href":"https:\/\/aproin.com\/index.php\/wp-json\/wp\/v2\/users\/1"}],"replies":[{"embeddable":true,"href":"https:\/\/aproin.com\/index.php\/wp-json\/wp\/v2\/comments?post=3429"}],"version-history":[{"count":2,"href":"https:\/\/aproin.com\/index.php\/wp-json\/wp\/v2\/posts\/3429\/revisions"}],"predecessor-version":[{"id":3431,"href":"https:\/\/aproin.com\/index.php\/wp-json\/wp\/v2\/posts\/3429\/revisions\/3431"}],"wp:featuredmedia":[{"embeddable":true,"href":"https:\/\/aproin.com\/index.php\/wp-json\/wp\/v2\/media\/3327"}],"wp:attachment":[{"href":"https:\/\/aproin.com\/index.php\/wp-json\/wp\/v2\/media?parent=3429"}],"wp:term":[{"taxonomy":"category","embeddable":true,"href":"https:\/\/aproin.com\/index.php\/wp-json\/wp\/v2\/categories?post=3429"},{"taxonomy":"post_tag","embeddable":true,"href":"https:\/\/aproin.com\/index.php\/wp-json\/wp\/v2\/tags?post=3429"}],"curies":[{"name":"wp","href":"https:\/\/api.w.org\/{rel}","templated":true}]}}