{"id":3432,"date":"2019-09-27T10:24:42","date_gmt":"2019-09-27T08:24:42","guid":{"rendered":"https:\/\/aproin.com\/?p=3432"},"modified":"2019-09-27T10:24:42","modified_gmt":"2019-09-27T08:24:42","slug":"vigo-tiene-el-alquiler-gallego-mas-caro-y-crecio-un-6-en-la-crisis","status":"publish","type":"post","link":"https:\/\/aproin.com\/index.php\/vigo-tiene-el-alquiler-gallego-mas-caro-y-crecio-un-6-en-la-crisis\/","title":{"rendered":"Vigo tiene el alquiler gallego m\u00e1s caro y creci\u00f3 un 6% en la crisis"},"content":{"rendered":"<p><em>Fomento coloca la renta media en 6,2 euros el metro cuadrado con datos de las fianzas<\/em><br \/>\n<em>El precio del alquiler en Vigo durante la crisis, de 2007 a 2019, creci\u00f3 un 6,1%.El precio del alquiler en Vigo durante la crisis, de 2007 a 2019, creci\u00f3 un 6,1%.<\/em><\/p>\n<p>ANA FUENTES. VIGO<\/p>\n<p style=\"text-align: justify;\">\nEl alquiler medio en Vigo es de 6,2 euros por metro cuadrado al mes y es el m\u00e1s caro de Galicia, seguido de A Coru\u00f1a con 5,9 euros. El Ministerio de Fomento public\u00f3 ayer por primera vez un bolet\u00edn especial sobre el alquiler con datos de 2018 de las fianzas depositadas por los inquilinos, que viene a confirmar los datos que las empresas inmobiliarias gallegas ven\u00edan barajando. Adem\u00e1s, el alquiler en Vigo durante la crisis, de 2007 a 2019, creci\u00f3 un 6,1%, aunque tambi\u00e9n hay que precisar que en el \u00faltimo a\u00f1o la subida ha sido del 5,6%.<\/p>\n<p style=\"text-align: justify;\">As\u00ed, seg\u00fan los datos de Fomento, tras Vigo y A Coru\u00f1a se colocan Santiago (5,5 euros el metro cuadrado al mes), Pontevedra (4,8), Ourense (4,5) y Lugo y Ferrol con el mismo precio (3,7). Es Ourense donde m\u00e1s crecieron los precios de alquileres en la crisis, un 8% y en el \u00faltimo a\u00f1o cayeron un 1,1%.<\/p>\n<p style=\"text-align: justify;\">Sin embargo el recibo mensual del alquiler es mayor en A Coru\u00f1a porque tambi\u00e9n los pisos son m\u00e1s grandes. As\u00ed, el ministerio establece un recibo medio de alquiler en Vigo de 498 euros al mes para una superficie media de la vivienda de 92,8 metros cuadrados, mientras que en A Coru\u00f1a sube a 510 euros, porque la superficie media de los pisos de alquiler es de 93,3 metros cuadrados.<\/p>\n<p style=\"text-align: justify;\">Los m\u00e1s caros de Galicia est\u00e1n en Oleiros (530 euros al mes) porque la superficie media del piso de alquiler en esa localidad vecinos de Coru\u00f1a es de 127,7 metros cuadrados.<br \/>\nEn la provincia de Pontevedra, tras las ciudades de Vigo y Pontevedra, se colocan Cangas y Vilagarc\u00eda, con 3,9 euros el metro cuadrado al mes, y Redondela, con 3,8.<br \/>\nPor provincias, tambi\u00e9n es la de Pontevedra la m\u00e1s cara, con un recibo medio de 5 euros el metro cuadrado al mes, frente a los 4,7 de A Coru\u00f1a, 4 de Ourense y 3,5 de Lugo. Tambi\u00e9n es en la de Pontevedra donde el mes sale m\u00e1s caro aunque la superficie media de los pisos es menor, y llega a 439 euros al mes de media. En A Coru\u00f1a son 426, en Ourense 384 y en Lugo 336. En Galicia entre 2004 y 2018 la vivienda en propiedad ha ca\u00eddo un 5,5% y la vivienda en alquiler ha crecido un 27,6%. Los municipios de Espa\u00f1a con los alquileres m\u00e1s caros son Barcelona, San Sebasti\u00e1n, Marbella, Alcobendas, Madrid y Bilbao. Vigo aparece en el puesto n\u00famero 33.<br \/>\nEn la provincia de Pontevedra hay un total de 51.770 inmuebles residenciales en alquiler, de Vigo son 25.672.<\/p>\n<p style=\"text-align: justify;\"><strong>La renta cae entre un 12 y un 15% en la provincia en la crisis<\/strong><\/p>\n<p style=\"text-align: justify;\">El Ministerio de Fomento tambi\u00e9n analiza la evoluci\u00f3n del precio medio del alquiler por comunidades y provincias y en la de Pontevedra cae desde el inicio de la crisis entre un 12,6 y un 15,6%, seg\u00fan se tome como referencia los precios de Fotocasa o el Idealista. As\u00ed, en el segundo trimestre de 2007 el precio medio del alquiler estaba en 8 euros el metro cuadrado en la provincia y en el segundo trimestre de 2019 baj\u00f3 a 7 euros, seg\u00fan Fotocasa. Seg\u00fan el Idealista pas\u00f3 de 9,1 a 7,9 euros. En Galicia la ca\u00edda est\u00e1 entre el 18,5% y el 23,1%, seg\u00fan la fuente utilizada. Los datos muestran una curiosidad y es que el precio en la provincia de Ourense, seg\u00fan el Idealista, creci\u00f3 en la crisis un 82,7%, pasando de 3 a 9,5 euros el metro cuadrado de alquiler al mes.<br \/>\nEn el \u00faltimo a\u00f1o los alquileres crecen especialmente en las provincias costeras, con un 5% en Pontevedra y un 4,7% en A Coru\u00f1a, mientras que en Lugo el avance es del 3,5% y en Ourense del 4,1%.<\/p>\n","protected":false},"excerpt":{"rendered":"<p>Fomento coloca la renta media en 6,2 euros el metro cuadrado con datos de las fianzas El precio del alquiler en Vigo&#8230;<\/p>\n","protected":false},"author":1,"featured_media":3094,"comment_status":"open","ping_status":"open","sticky":false,"template":"","format":"standard","meta":[],"categories":[2],"tags":[],"_links":{"self":[{"href":"https:\/\/aproin.com\/index.php\/wp-json\/wp\/v2\/posts\/3432"}],"collection":[{"href":"https:\/\/aproin.com\/index.php\/wp-json\/wp\/v2\/posts"}],"about":[{"href":"https:\/\/aproin.com\/index.php\/wp-json\/wp\/v2\/types\/post"}],"author":[{"embeddable":true,"href":"https:\/\/aproin.com\/index.php\/wp-json\/wp\/v2\/users\/1"}],"replies":[{"embeddable":true,"href":"https:\/\/aproin.com\/index.php\/wp-json\/wp\/v2\/comments?post=3432"}],"version-history":[{"count":1,"href":"https:\/\/aproin.com\/index.php\/wp-json\/wp\/v2\/posts\/3432\/revisions"}],"predecessor-version":[{"id":3433,"href":"https:\/\/aproin.com\/index.php\/wp-json\/wp\/v2\/posts\/3432\/revisions\/3433"}],"wp:featuredmedia":[{"embeddable":true,"href":"https:\/\/aproin.com\/index.php\/wp-json\/wp\/v2\/media\/3094"}],"wp:attachment":[{"href":"https:\/\/aproin.com\/index.php\/wp-json\/wp\/v2\/media?parent=3432"}],"wp:term":[{"taxonomy":"category","embeddable":true,"href":"https:\/\/aproin.com\/index.php\/wp-json\/wp\/v2\/categories?post=3432"},{"taxonomy":"post_tag","embeddable":true,"href":"https:\/\/aproin.com\/index.php\/wp-json\/wp\/v2\/tags?post=3432"}],"curies":[{"name":"wp","href":"https:\/\/api.w.org\/{rel}","templated":true}]}}