{"id":3438,"date":"2019-09-30T10:40:30","date_gmt":"2019-09-30T08:40:30","guid":{"rendered":"https:\/\/aproin.com\/?p=3438"},"modified":"2019-09-30T10:40:30","modified_gmt":"2019-09-30T08:40:30","slug":"crece-el-20-la-ocupacion-en-pisos-turisticos-en-rias-baixas","status":"publish","type":"post","link":"https:\/\/aproin.com\/index.php\/crece-el-20-la-ocupacion-en-pisos-turisticos-en-rias-baixas\/","title":{"rendered":"Crece el 20% la ocupaci\u00f3n en pisos tur\u00edsticos en R\u00edas Baixas"},"content":{"rendered":"<p style=\"text-align: justify;\"><em>La zona tur\u00edstica del litoral sur es hegem\u00f3nica en Galicia frente a R\u00edas Altas y la Mari\u00f1a<\/em><br \/>\n<em>En la Colina de Castrelos hay una guerra vecinal por un apartamento tur\u00edstico. En la Colina de Castrelos hay una guerra vecinal por un apartamento tur\u00edstico.<\/em><\/p>\n<p>ANA FUENTES \/ Atl\u00e1ntico Diario<\/p>\n<p style=\"text-align: justify;\">\nLos apartamentos tur\u00edsticos sumaron en torno a 147.000 pernoctaciones en la zona tur\u00edstica R\u00edas Baixas durante el pasado verano, seg\u00fan las cifras que maneja el Instituto Nacional de estad\u00edstica en su encuesta de ocupaci\u00f3n, que ahora tambi\u00e9n se fija en dicha modalidad de alojamiento, que no deja de crecer. Tanto que en apenas un a\u00f1o se ha incrementado un 20 por ciento el n\u00famero de usuarios de esta modalidad (fueron algo menos de 123.000 en 2018) en las R\u00edas Baixas, el entorno tur\u00edstico que va desde Sanxenxo hasta Baiona, que cada a\u00f1o suma el mayor n\u00famero de visitantes durante el verano. En 20019 tambi\u00e9n ha sido as\u00ed en alojamiento en pisos registrados. En Vigo, en concreto, hay 310 anotados y 4.000 en toda la provincia, la mitad de todos los existentes en Galicia, unas 8.500 ahora. De las exactamente 146.458 pernoctaciones, la mayor\u00eda son espa\u00f1oles y apenas un 15 por ciento extranjeros, 17.013, seg\u00fan las cifras que maneja el instituto oficial.<\/p>\n<p style=\"text-align: justify;\">Seg\u00fan el INE, las otras dos zonas tur\u00edsticas gallegas del litoral, la Mari\u00f1a lucense y las R\u00edas Altas, est\u00e1n muy lejos de las cifras de R\u00edas Baixas tambi\u00e9n en este aspecto, como ya ocurre con los hoteles convencionales. La Mari\u00f1a anot\u00f3 unos 43.000 pernoctaciones y las R\u00edas Altas todav\u00eda menos, unas 23.000, muy lejos de los n\u00fameros de la costa del sur de Galicia.<\/p>\n<p style=\"text-align: justify;\">Seg\u00fan los \u00faltimos datos existentes en el reparto por municipios, en las R\u00edas Baixas manda Sanxenxo con 1.629, casi el 20% del total de Galicia. En Vigo ciudad hay ya 310 y entre los municipios con m\u00e1s pisos tur\u00edsticos est\u00e1n O Grove con 282, Cangas con 231, Bueu con 161 o Baiona con 135. El incremento de plazas en Vigo est\u00e1 provocando incluso algunos conflictos, como la denuncia interpuesta por la comunidad de vecinos de la residencia Colina de Castrelos contra uno de los propietarios que ha convertido su vivienda en un piso para la llegada de turismo. Para el resto del vecindario se ha convertido en un aut\u00e9ntico dolor por la llegada masiva de todo tipo de personas.<br \/>\nOtra consecuencia est\u00e1 en que el crecimiento acercando las cifras de plazas en viviendas de uso tur\u00edstico a las de los hoteles. En la provincia las viviendas de uso tur\u00edstico superan ya las 20.000 plazas frente a las casi 26.000 de hoteles.<\/p>\n","protected":false},"excerpt":{"rendered":"<p>La zona tur\u00edstica del litoral sur es hegem\u00f3nica en Galicia frente a R\u00edas Altas y la Mari\u00f1a En la Colina de Castrelos&#8230;<\/p>\n","protected":false},"author":1,"featured_media":3162,"comment_status":"open","ping_status":"open","sticky":false,"template":"","format":"standard","meta":[],"categories":[2],"tags":[],"_links":{"self":[{"href":"https:\/\/aproin.com\/index.php\/wp-json\/wp\/v2\/posts\/3438"}],"collection":[{"href":"https:\/\/aproin.com\/index.php\/wp-json\/wp\/v2\/posts"}],"about":[{"href":"https:\/\/aproin.com\/index.php\/wp-json\/wp\/v2\/types\/post"}],"author":[{"embeddable":true,"href":"https:\/\/aproin.com\/index.php\/wp-json\/wp\/v2\/users\/1"}],"replies":[{"embeddable":true,"href":"https:\/\/aproin.com\/index.php\/wp-json\/wp\/v2\/comments?post=3438"}],"version-history":[{"count":1,"href":"https:\/\/aproin.com\/index.php\/wp-json\/wp\/v2\/posts\/3438\/revisions"}],"predecessor-version":[{"id":3439,"href":"https:\/\/aproin.com\/index.php\/wp-json\/wp\/v2\/posts\/3438\/revisions\/3439"}],"wp:featuredmedia":[{"embeddable":true,"href":"https:\/\/aproin.com\/index.php\/wp-json\/wp\/v2\/media\/3162"}],"wp:attachment":[{"href":"https:\/\/aproin.com\/index.php\/wp-json\/wp\/v2\/media?parent=3438"}],"wp:term":[{"taxonomy":"category","embeddable":true,"href":"https:\/\/aproin.com\/index.php\/wp-json\/wp\/v2\/categories?post=3438"},{"taxonomy":"post_tag","embeddable":true,"href":"https:\/\/aproin.com\/index.php\/wp-json\/wp\/v2\/tags?post=3438"}],"curies":[{"name":"wp","href":"https:\/\/api.w.org\/{rel}","templated":true}]}}