{"id":3444,"date":"2019-10-04T13:47:26","date_gmt":"2019-10-04T11:47:26","guid":{"rendered":"https:\/\/aproin.com\/?p=3444"},"modified":"2019-10-04T13:47:26","modified_gmt":"2019-10-04T11:47:26","slug":"la-reordenacion-de-barrio-do-cura-llegara-al-pleno-el-proximo-martes","status":"publish","type":"post","link":"https:\/\/aproin.com\/index.php\/la-reordenacion-de-barrio-do-cura-llegara-al-pleno-el-proximo-martes\/","title":{"rendered":"La reordenaci\u00f3n de Barrio do Cura llegar\u00e1 al pleno el pr\u00f3ximo martes"},"content":{"rendered":"<p style=\"text-align: justify;\"><em>La modificaci\u00f3n puntual del PGOM en Barrio do Cura pasar\u00e1 por el pleno el pr\u00f3ximo martes 8 de octubre. Ser\u00e1 un pleno extraordinario para la votaci\u00f3n tras la aprobaci\u00f3n ayer por la junta de gobierno.<\/em><\/p>\n<p>A.F. VIGO \/ Atl\u00e1ntico Diario<\/p>\n<p style=\"text-align: justify;\">\nA partir de ah\u00ed, ser\u00e1 publicado en el Diario Oficial de Galicia y se abrir\u00e1 un per\u00edodo de exposici\u00f3n p\u00fablica de dos meses para la presentaci\u00f3n de alegaciones, tiempo en el que se solicitar\u00e1n a la Xunta los informes sectoriales preceptivos de Urbanismo, Patrimonio y Costas, inform\u00f3 ayer el alcalde Abel Caballero.<br \/>\nEl expediente, adem\u00e1s de contemplar la notificaci\u00f3n individual a los titulares catastrales de los terrenos afectados, recoge que la raz\u00f3n principal del inter\u00e9s p\u00fablico de esta actuaci\u00f3n es la necesidad de hacer frente al proceso de deterioro del Barrio del Cura. De hecho, ya comenzaron las obras de demolici\u00f3n, con total respeto a la preservaci\u00f3n de los valores patrimoniales. Del antiguo asilo solo queda la fachada de la iglesia, que no se va a desmontar, sino que se adoptar\u00e1n las medidas precisas para garantizar su estabilidad durante las obras, explic\u00f3 el regidor.<br \/>\nEl PERI del Barrio del Cura fue dise\u00f1ado por Alfonso Penela y se aprob\u00f3 por unanimidad en el pleno en 2014 y, en el a\u00f1o 2018, la Xunta resolvi\u00f3 no someter a evaluaci\u00f3n ambiental estrat\u00e9gica com\u00fan esta ordenaci\u00f3n. Los principales objetivos de esta recuperaci\u00f3n urban\u00edstica pasan, adem\u00e1s de frenar el proceso de deterioro del barrio, por conservar piezas de valor hist\u00f3rico y rematar partes inacabadas del tejido urbano.<\/p>\n","protected":false},"excerpt":{"rendered":"<p>La modificaci\u00f3n puntual del PGOM en Barrio do Cura pasar\u00e1 por el pleno el pr\u00f3ximo martes 8 de octubre. Ser\u00e1 un pleno&#8230;<\/p>\n","protected":false},"author":1,"featured_media":3409,"comment_status":"open","ping_status":"open","sticky":false,"template":"","format":"standard","meta":[],"categories":[2],"tags":[],"_links":{"self":[{"href":"https:\/\/aproin.com\/index.php\/wp-json\/wp\/v2\/posts\/3444"}],"collection":[{"href":"https:\/\/aproin.com\/index.php\/wp-json\/wp\/v2\/posts"}],"about":[{"href":"https:\/\/aproin.com\/index.php\/wp-json\/wp\/v2\/types\/post"}],"author":[{"embeddable":true,"href":"https:\/\/aproin.com\/index.php\/wp-json\/wp\/v2\/users\/1"}],"replies":[{"embeddable":true,"href":"https:\/\/aproin.com\/index.php\/wp-json\/wp\/v2\/comments?post=3444"}],"version-history":[{"count":1,"href":"https:\/\/aproin.com\/index.php\/wp-json\/wp\/v2\/posts\/3444\/revisions"}],"predecessor-version":[{"id":3445,"href":"https:\/\/aproin.com\/index.php\/wp-json\/wp\/v2\/posts\/3444\/revisions\/3445"}],"wp:featuredmedia":[{"embeddable":true,"href":"https:\/\/aproin.com\/index.php\/wp-json\/wp\/v2\/media\/3409"}],"wp:attachment":[{"href":"https:\/\/aproin.com\/index.php\/wp-json\/wp\/v2\/media?parent=3444"}],"wp:term":[{"taxonomy":"category","embeddable":true,"href":"https:\/\/aproin.com\/index.php\/wp-json\/wp\/v2\/categories?post=3444"},{"taxonomy":"post_tag","embeddable":true,"href":"https:\/\/aproin.com\/index.php\/wp-json\/wp\/v2\/tags?post=3444"}],"curies":[{"name":"wp","href":"https:\/\/api.w.org\/{rel}","templated":true}]}}