{"id":3446,"date":"2019-10-07T10:12:37","date_gmt":"2019-10-07T08:12:37","guid":{"rendered":"https:\/\/aproin.com\/?p=3446"},"modified":"2019-10-07T10:12:37","modified_gmt":"2019-10-07T08:12:37","slug":"asi-sera-el-edificio-de-cordelerias-mar","status":"publish","type":"post","link":"https:\/\/aproin.com\/index.php\/asi-sera-el-edificio-de-cordelerias-mar\/","title":{"rendered":"As\u00ed ser\u00e1 el edificio de Cordeler\u00edas Mar"},"content":{"rendered":"<p><em>Tendr\u00e1 155 pisos y apartamentos con grandes terrazas y una piscina frente a la r\u00eda<\/em><\/p>\n<p>LUIS CARLOS LLERA<br \/>\nVIGO\/ LA VOZ<\/p>\n<p style=\"text-align: justify;\">El viejo edificio de Cordeler\u00edas Mar, cuyo derribo se culmin\u00f3 en septiembre, dar\u00e1 pas\u00f3 a una urbanizaci\u00f3n de 155 viviendas con zonas verdes y piscina que iniciar\u00e1n la transformaci\u00f3n de la calle Jacinto Benavente, que hoy d\u00eda sigue siendo eminentemente industrial y con algunos inmuebles deteriorados, aunque tambi\u00e9n con empresas de reciente factura.La constructora Inveravante, de Manuel Jove, maneja ya un dise\u00f1o del edificio que permite hacerse una idea de la transformaci\u00f3n de la fachada a la r\u00eda, hasta ahora netamente industrial. El proyecto ocupa una superficie de 7.000 metros cuadrados de uso residencial libre o terciario y est\u00e1 incluido en un instrumento provisional de reciente tramitaci\u00f3n. En el solar se levantar\u00e1n pisos y apartamentos de uno a cuatro dormitorios con grandes ventanales y terrazas acristaladas con una est\u00e9tica muy mediterr\u00e1nea pero mirando a la r\u00eda atl\u00e1ntica. La empresa Avantespacia, del grupo Inveravante, est\u00e1 a\u00fan pendiente de tener licencia para iniciar las obras de construcci\u00f3n. La Gerencia Munciipal de Urbanismo aprob\u00f3 el pasado mes de abril un convenio entre el Concello y Avantaespacia Inmobiliaria para la construcci\u00f3n de un edificio de diez alturas en el solar de la nave derribada de Cordeler\u00edas Mar.<\/p>\n","protected":false},"excerpt":{"rendered":"<p>Tendr\u00e1 155 pisos y apartamentos con grandes terrazas y una piscina frente a la r\u00eda LUIS CARLOS LLERA VIGO\/ LA VOZ El&#8230;<\/p>\n","protected":false},"author":1,"featured_media":3447,"comment_status":"open","ping_status":"open","sticky":false,"template":"","format":"standard","meta":[],"categories":[2],"tags":[],"_links":{"self":[{"href":"https:\/\/aproin.com\/index.php\/wp-json\/wp\/v2\/posts\/3446"}],"collection":[{"href":"https:\/\/aproin.com\/index.php\/wp-json\/wp\/v2\/posts"}],"about":[{"href":"https:\/\/aproin.com\/index.php\/wp-json\/wp\/v2\/types\/post"}],"author":[{"embeddable":true,"href":"https:\/\/aproin.com\/index.php\/wp-json\/wp\/v2\/users\/1"}],"replies":[{"embeddable":true,"href":"https:\/\/aproin.com\/index.php\/wp-json\/wp\/v2\/comments?post=3446"}],"version-history":[{"count":1,"href":"https:\/\/aproin.com\/index.php\/wp-json\/wp\/v2\/posts\/3446\/revisions"}],"predecessor-version":[{"id":3448,"href":"https:\/\/aproin.com\/index.php\/wp-json\/wp\/v2\/posts\/3446\/revisions\/3448"}],"wp:featuredmedia":[{"embeddable":true,"href":"https:\/\/aproin.com\/index.php\/wp-json\/wp\/v2\/media\/3447"}],"wp:attachment":[{"href":"https:\/\/aproin.com\/index.php\/wp-json\/wp\/v2\/media?parent=3446"}],"wp:term":[{"taxonomy":"category","embeddable":true,"href":"https:\/\/aproin.com\/index.php\/wp-json\/wp\/v2\/categories?post=3446"},{"taxonomy":"post_tag","embeddable":true,"href":"https:\/\/aproin.com\/index.php\/wp-json\/wp\/v2\/tags?post=3446"}],"curies":[{"name":"wp","href":"https:\/\/api.w.org\/{rel}","templated":true}]}}