{"id":3454,"date":"2019-10-08T09:53:52","date_gmt":"2019-10-08T07:53:52","guid":{"rendered":"https:\/\/aproin.com\/?p=3454"},"modified":"2019-10-08T09:53:52","modified_gmt":"2019-10-08T07:53:52","slug":"el-concello-estudia-convertir-en-plazas-publicas-una-veintena-de-parcelas-abandonadas-del-casco-vello","status":"publish","type":"post","link":"https:\/\/aproin.com\/index.php\/el-concello-estudia-convertir-en-plazas-publicas-una-veintena-de-parcelas-abandonadas-del-casco-vello\/","title":{"rendered":"El Concello estudia convertir en plazas p\u00fablicas una veintena de parcelas abandonadas del Casco Vello"},"content":{"rendered":"<p><em>Identifica solares en desuso que podr\u00edan aprovecharse como espacios de disfrute mientras no se edifican -Su aprovechamiento ser\u00eda provisional y, en el caso de fincas privadas, depender\u00eda del pl\u00e1cet de sus due\u00f1os<br \/>\n<\/em><br \/>\nCarlos Prego \/ Faro de Vigo<\/p>\n<p style=\"text-align: justify;\">A base del compromiso compartido de Xunta y Concello, de una intensa campa\u00f1a de inversiones y la iniciativa de los vecinos, hosteleros y comerciantes que han apostado por el barrio, el Casco Vello de Vigo experiment\u00f3 en las \u00faltimas d\u00e9cadas un cambio radical. De ser una zona deprimida, sucia y pasto de un abandono del que incluso se hac\u00edan eco documentales de cadenas estatales ha pasado, en cuesti\u00f3n de a\u00f1os, a convertirse en uno de los entornos m\u00e1s din\u00e1mico de la ciudad, con alquileres al alza, una intensa vida en las calles y todo un rosario de sedes de organismos p\u00fablicas e instituciones, como el Instituto Cam\u00f5es, el Registro de la Propiedad, la Pinacoteca Fern\u00e1ndez del Riego, la biblioteca de la Fundaci\u00f3n Penzol y -en breve- la Universidad y la Diputaci\u00f3n.<\/p>\n<p style=\"text-align: justify;\">A pesar de ese cambio activado entre 1997 y 2005 -el primero fue el a\u00f1o en que se declar\u00f3 \u00c1rea de Rehabilitaci\u00f3n Integral; el segundo, el de creaci\u00f3n del Consorcio del Casco Vello-, las d\u00e9cadas de abandono dejan todav\u00eda hoy un rosario de parcelas vac\u00edas o ruinosas repartidas por las calles de la zona hist\u00f3rica. A la espera de que sigan los pasos de otros tantos solares y antiguas edificaciones que se han rehabilitado a lo largo de los \u00faltimos a\u00f1os, el Concello plantea dar a esos espacios una &#8220;segunda vida&#8221; temporal. La Gerencia de Urbanismo tiene sobre la mesa un estudio para el bautizado como &#8220;Programa de Usos temporales de vac\u00edos urbanos&#8221;, una medida con la que plantea reconvertir -de forma provisional, un matiz importante en el que el documento incide una y otra vez- solares infrautilizados en espacios para disfrute p\u00fablico.<\/p>\n<p style=\"text-align: justify;\">Los autores del estudio han identificado en total m\u00e1s de una veintena de parcelas susceptibles de destinarse a ese uso mientras sigan libres de edificaciones o ninguna promotora apueste por su rehabilitaci\u00f3n. Se trata -como detalla el estudio de Urbanismo- de &#8220;espacios infrautilizados&#8221;, &#8220;vac\u00edos urbanos&#8221;, &#8220;solares o edificaciones que conservan parte de su envolvente&#8221;. La veintena larga de puntos identificados por los expertos del Concello son as\u00ed &#8220;zonas de oportunidades&#8221; que poder reconvertir en plazas durante cierto tiempo.<\/p>\n<p style=\"text-align: justify;\">La decisi\u00f3n de centrar el estudio en el Casco Vello no es gratuita. Adem\u00e1s de por el elevado n\u00famero de espacios en desuso, los t\u00e9cnicos apuntan el aumento de poblaci\u00f3n que se est\u00e1 registrando en el barrio. &#8220;Analizando la fisionom\u00eda urbana del \u00e1rea se advierte la necesidad de nuevos espacios p\u00fablicos que permitan la cohesi\u00f3n, lo que fundamenta la iniciativa de aprovechar las posibilidades que ofrecen los espacios infrautilizados del \u00e1mbito para intervenciones de car\u00e1cter temporal con un fin p\u00fablico que fomente las relaciones entre vecinos&#8221;, se\u00f1ala el informe de la Gerencia de Urbanismo.<\/p>\n<p style=\"text-align: justify;\">El documento analiza la situaci\u00f3n tanto de solares municipales como de titularidad privada. En este \u00faltimo caso recalca que solo podr\u00edan participar del programa con el visto bueno voluntario de sus due\u00f1os, quienes pueden aceptar que las parcelas se reutilicen de forma temporal como plazas p\u00fablicas sin tener que ceder por ello su propiedad. Llega -apunta el estudio municipal- con que el Concello adquiera un derecho de uso.<\/p>\n<p style=\"text-align: justify;\">Aunque Urbanismo tiene un inventario con cerca de una veintena de puntos, el informe recalca tambi\u00e9n que el listado &#8220;est\u00e1 abierto a ajustes continuos&#8221;. El motivo: la situaci\u00f3n de las propiedades puede variar, en especial en un contexto en el que la iniciativa inmobiliaria privada se est\u00e1 reactivando tras a\u00f1os de par\u00e1lisis. A la hora de decantarse por dar una &#8220;segunda vida temporal&#8221; a un solar, Urbanismo valorar\u00eda factores como cu\u00e1ntos a\u00f1os lleva abandonado o el tiempo que es previsible que contin\u00fae en esa misma situaci\u00f3n. El programa plantea tambi\u00e9n que se empleen solares de titularidad municipal. La primera iniciativa piloto, de hecho, se proyecta en una finca del Ayuntamiento: la comprendida entre los n\u00fameros 7 de la calle Perigos y 8 de San Xuli\u00e1n.<\/p>\n<p style=\"text-align: justify;\">La de vac\u00edos urbanos no es la primera iniciativa del Concello que busca desbloquear la situaci\u00f3n de parcelas deterioradas del casco urbano. El Ayuntamiento tramita tambi\u00e9n el denominado Programa de edificaci\u00f3n forzosa, una herramienta que pone a su alcance la nueva Lei do Solo y a trav\u00e9s de la que el Consistorio est\u00e1 impulsado la rehabilitaci\u00f3n de cerca de 25 solares y edificios que llevan a\u00f1os abandonados en lugares como el propio Casco Vello, Bouzas o El Ensanche.<\/p>\n","protected":false},"excerpt":{"rendered":"<p>Identifica solares en desuso que podr\u00edan aprovecharse como espacios de disfrute mientras no se edifican -Su aprovechamiento ser\u00eda provisional y, en el&#8230;<\/p>\n","protected":false},"author":1,"featured_media":3269,"comment_status":"open","ping_status":"open","sticky":false,"template":"","format":"standard","meta":[],"categories":[2],"tags":[],"_links":{"self":[{"href":"https:\/\/aproin.com\/index.php\/wp-json\/wp\/v2\/posts\/3454"}],"collection":[{"href":"https:\/\/aproin.com\/index.php\/wp-json\/wp\/v2\/posts"}],"about":[{"href":"https:\/\/aproin.com\/index.php\/wp-json\/wp\/v2\/types\/post"}],"author":[{"embeddable":true,"href":"https:\/\/aproin.com\/index.php\/wp-json\/wp\/v2\/users\/1"}],"replies":[{"embeddable":true,"href":"https:\/\/aproin.com\/index.php\/wp-json\/wp\/v2\/comments?post=3454"}],"version-history":[{"count":1,"href":"https:\/\/aproin.com\/index.php\/wp-json\/wp\/v2\/posts\/3454\/revisions"}],"predecessor-version":[{"id":3455,"href":"https:\/\/aproin.com\/index.php\/wp-json\/wp\/v2\/posts\/3454\/revisions\/3455"}],"wp:featuredmedia":[{"embeddable":true,"href":"https:\/\/aproin.com\/index.php\/wp-json\/wp\/v2\/media\/3269"}],"wp:attachment":[{"href":"https:\/\/aproin.com\/index.php\/wp-json\/wp\/v2\/media?parent=3454"}],"wp:term":[{"taxonomy":"category","embeddable":true,"href":"https:\/\/aproin.com\/index.php\/wp-json\/wp\/v2\/categories?post=3454"},{"taxonomy":"post_tag","embeddable":true,"href":"https:\/\/aproin.com\/index.php\/wp-json\/wp\/v2\/tags?post=3454"}],"curies":[{"name":"wp","href":"https:\/\/api.w.org\/{rel}","templated":true}]}}