{"id":3520,"date":"2019-12-03T10:32:54","date_gmt":"2019-12-03T09:32:54","guid":{"rendered":"https:\/\/aproin.com\/?p=3520"},"modified":"2019-12-03T10:32:54","modified_gmt":"2019-12-03T09:32:54","slug":"gestilar-ya-se-anuncia-en-el-ambito-barrio-do-cura","status":"publish","type":"post","link":"https:\/\/aproin.com\/index.php\/gestilar-ya-se-anuncia-en-el-ambito-barrio-do-cura\/","title":{"rendered":"Gestilar ya se anuncia en el \u00e1mbito Barrio do Cura"},"content":{"rendered":"<p>La promotora Gestilar inicia la comercializaci\u00f3n desde la fachada que se mantendr\u00e1.<\/p>\n<p><em>Atl\u00e1ntico Diario\u00a0<\/em><\/p>\n<p style=\"text-align: justify;\">La promotora Gestilar, titular de los derechos para desarrollar la urbanizaci\u00f3n Barrio do Cura, ha comenzado a anunciarse en el Paseo de Alfonso. Supone el primer paso de cara a la comercializaci\u00f3n de loas futuras vivienda s-unas 400- que se levantar\u00e1n en el \u00e1mbito, donde est\u00e1 pr\u00e1cticamente terminada la operaci\u00f3n de derribo de los edificios. En 2020 tendr\u00eda que darse el paso decisivo para comenzar con la construcci\u00f3n de los inmuebles y el desarrollo del proyecto.<\/p>\n","protected":false},"excerpt":{"rendered":"<p>La promotora Gestilar inicia la comercializaci\u00f3n desde la fachada que se mantendr\u00e1. Atl\u00e1ntico Diario\u00a0 La promotora Gestilar, titular de los derechos para&#8230;<\/p>\n","protected":false},"author":1,"featured_media":3409,"comment_status":"open","ping_status":"open","sticky":false,"template":"","format":"standard","meta":[],"categories":[2],"tags":[],"_links":{"self":[{"href":"https:\/\/aproin.com\/index.php\/wp-json\/wp\/v2\/posts\/3520"}],"collection":[{"href":"https:\/\/aproin.com\/index.php\/wp-json\/wp\/v2\/posts"}],"about":[{"href":"https:\/\/aproin.com\/index.php\/wp-json\/wp\/v2\/types\/post"}],"author":[{"embeddable":true,"href":"https:\/\/aproin.com\/index.php\/wp-json\/wp\/v2\/users\/1"}],"replies":[{"embeddable":true,"href":"https:\/\/aproin.com\/index.php\/wp-json\/wp\/v2\/comments?post=3520"}],"version-history":[{"count":1,"href":"https:\/\/aproin.com\/index.php\/wp-json\/wp\/v2\/posts\/3520\/revisions"}],"predecessor-version":[{"id":3521,"href":"https:\/\/aproin.com\/index.php\/wp-json\/wp\/v2\/posts\/3520\/revisions\/3521"}],"wp:featuredmedia":[{"embeddable":true,"href":"https:\/\/aproin.com\/index.php\/wp-json\/wp\/v2\/media\/3409"}],"wp:attachment":[{"href":"https:\/\/aproin.com\/index.php\/wp-json\/wp\/v2\/media?parent=3520"}],"wp:term":[{"taxonomy":"category","embeddable":true,"href":"https:\/\/aproin.com\/index.php\/wp-json\/wp\/v2\/categories?post=3520"},{"taxonomy":"post_tag","embeddable":true,"href":"https:\/\/aproin.com\/index.php\/wp-json\/wp\/v2\/tags?post=3520"}],"curies":[{"name":"wp","href":"https:\/\/api.w.org\/{rel}","templated":true}]}}