{"id":3533,"date":"2019-12-27T10:42:29","date_gmt":"2019-12-27T09:42:29","guid":{"rendered":"https:\/\/aproin.com\/?p=3533"},"modified":"2019-12-27T10:42:29","modified_gmt":"2019-12-27T09:42:29","slug":"el-consorcio-casco-vello-comprara-tres-nuevas-parcelas-en-el-barrio-historico-de-vigo","status":"publish","type":"post","link":"https:\/\/aproin.com\/index.php\/el-consorcio-casco-vello-comprara-tres-nuevas-parcelas-en-el-barrio-historico-de-vigo\/","title":{"rendered":"El Consorcio Casco Vello comprar\u00e1 tres nuevas parcelas en el barrio hist\u00f3rico de Vigo"},"content":{"rendered":"<p>Los solares para edificar est\u00e1n en la zona de A Ferrer\u00eda y las calles Elduayen y Real.<\/p>\n<p>LA VOZ VIGO<\/p>\n<p style=\"text-align: justify;\">La presidenta del Consorcio Casco Vello (CCVV) y delegada de la Xunta en Vigo, Corina Porro, inform\u00f3 ayer de que el consejo de administraci\u00f3n del organismo aprob\u00f3 la adquisici\u00f3n de tres nuevas parcelas en el barrio hist\u00f3rico por medio mill\u00f3n de euros y con una edificabilidad de 1.000 metros cuadrados en total. Son los solares n\u00famero 13 de la r\u00faa Real (grande, pero solo con la fachada en pie), el 39 de Elduayen (ya compraron el 31) y el 16 de A Ferrer\u00eda (de tres plantas).Los bomberos de Vigo acudieron ayer de madrugada a dos incendios, uno en un octavo piso en A Doblada y otro en una carnicer\u00eda de Cabral. El primero fue a las 00.05 horas en el n\u00famero 43 de Mart\u00ednez Garrido. El fuego calcin\u00f3 el sal\u00f3n y la vivienda se aneg\u00f3 de humo. Los propietarios resultaron fueron evacuados a un hospital por inhalaci\u00f3n. El segundo incendio fue a las 1.20 horas en el 1 de la r\u00faa da V\u00eda, en Cabral. Ardi\u00f3 el grupo de fr\u00edo, neveras y un armario de una carnicer\u00eda. El negocio qued\u00f3 da\u00f1ado.<\/p>\n<p>Corina Porro puso en valor el trabajo desarrollado por el Consorcio en los \u00faltimos a\u00f1os para recuperar gran parte del barrio. Se\u00f1al\u00f3 que en el 2020, la Xunta duplicar\u00e1 su inversi\u00f3n para llevar a acabo m\u00e1s actuaciones y rehabilitaciones en el Casco Vello.<\/p>\n","protected":false},"excerpt":{"rendered":"<p>Los solares para edificar est\u00e1n en la zona de A Ferrer\u00eda y las calles Elduayen y Real. LA VOZ VIGO La presidenta&#8230;<\/p>\n","protected":false},"author":1,"featured_media":3491,"comment_status":"open","ping_status":"open","sticky":false,"template":"","format":"standard","meta":[],"categories":[2],"tags":[],"_links":{"self":[{"href":"https:\/\/aproin.com\/index.php\/wp-json\/wp\/v2\/posts\/3533"}],"collection":[{"href":"https:\/\/aproin.com\/index.php\/wp-json\/wp\/v2\/posts"}],"about":[{"href":"https:\/\/aproin.com\/index.php\/wp-json\/wp\/v2\/types\/post"}],"author":[{"embeddable":true,"href":"https:\/\/aproin.com\/index.php\/wp-json\/wp\/v2\/users\/1"}],"replies":[{"embeddable":true,"href":"https:\/\/aproin.com\/index.php\/wp-json\/wp\/v2\/comments?post=3533"}],"version-history":[{"count":1,"href":"https:\/\/aproin.com\/index.php\/wp-json\/wp\/v2\/posts\/3533\/revisions"}],"predecessor-version":[{"id":3534,"href":"https:\/\/aproin.com\/index.php\/wp-json\/wp\/v2\/posts\/3533\/revisions\/3534"}],"wp:featuredmedia":[{"embeddable":true,"href":"https:\/\/aproin.com\/index.php\/wp-json\/wp\/v2\/media\/3491"}],"wp:attachment":[{"href":"https:\/\/aproin.com\/index.php\/wp-json\/wp\/v2\/media?parent=3533"}],"wp:term":[{"taxonomy":"category","embeddable":true,"href":"https:\/\/aproin.com\/index.php\/wp-json\/wp\/v2\/categories?post=3533"},{"taxonomy":"post_tag","embeddable":true,"href":"https:\/\/aproin.com\/index.php\/wp-json\/wp\/v2\/tags?post=3533"}],"curies":[{"name":"wp","href":"https:\/\/api.w.org\/{rel}","templated":true}]}}