{"id":3536,"date":"2020-01-16T10:08:36","date_gmt":"2020-01-16T09:08:36","guid":{"rendered":"https:\/\/aproin.com\/?p=3536"},"modified":"2020-01-16T10:11:26","modified_gmt":"2020-01-16T09:11:26","slug":"el-nuevo-plan-de-la-xunta-para-revitalizar-el-casco-vello-alto-dara-alquileres-gratis","status":"publish","type":"post","link":"https:\/\/aproin.com\/index.php\/el-nuevo-plan-de-la-xunta-para-revitalizar-el-casco-vello-alto-dara-alquileres-gratis\/","title":{"rendered":"El nuevo plan de la Xunta para revitalizar el Casco Vello alto dar\u00e1 alquileres gratis"},"content":{"rendered":"\n<p>El presidente de la Xunta de Galicia aprovech\u00f3 el martes el discurso que cerr\u00f3 en Vigo la gala de los Premios da Cultura Galega para anunciar un doble impulso al barrio hist\u00f3rico de la ciudad, tanto en su parte alta, la que se sit\u00faa desde la Porta do Sol hacia el ayuntamiento, como la baja, que llega hasta O Berb\u00e9s.El plan para el barrio alto lo detall\u00f3 ayer el conselleiro de Cultura, Rom\u00e1n Rodr\u00edguez, junto a a la delegada de la Xunta en Vigo, Corina Porro. El proyecto est\u00e1 enfocado a dar la vida que no tienen las calles donde el Consorcio Casco Vello de Vigo (CCVV) ha rehabilitado decenas de inmuebles dando facilidades a j\u00f3venes y familias sin otras viviendas en propiedad a precios por debajo del mercado. Las casas est\u00e1n habitadas pero no fluye el movimiento en las calles. El primer intento de hacerlo, bonificando el 50 % del coste de los alquileres durante dos a\u00f1os a los comercios que apostasen por ubicarse all\u00ed, no funcion\u00f3. Cuando se acabaron las condiciones especiales los arrendatarios se fueron porque no ten\u00edan clientela suficiente para sobrevivir. Lo que pretende el Gobierno auton\u00f3mico con Vigo Crea. Barrio Creativo es \u00abrevitalizar as r\u00faas\u00bb. As\u00ed, el nuevo plan ofrecer\u00e1 gratis por un tiempo limitado no especificado, 17 locales propiedad del CCVV a emprendedores para que monten all\u00ed sus proyectos, tras una selecci\u00f3n previa. Los elegidos tendr\u00e1n un tiempo para lanzar sus empresas, ya que cuando se acabe ese per\u00edodo, dejar\u00e1 de ser una cesi\u00f3n gratuita.<\/p>\n\n\n\n<p>Rodr\u00edguez especific\u00f3 que el perfil que buscan es el de emprendedores o start-ups que pongan en marcha diferentes proyectos en el \u00e1mbito de las industrias culturales y creativas (artes visuales, artes esc\u00e9nicas o ilustradores de c\u00f3mics) para diez de esos locales, poniendo como ejemplo una empresa que se dedique al dise\u00f1o de videojuegos, \u00abpero tam\u00e9n no \u00e1mbito do sector tur\u00edstico\u00bb en cinco de los recintos mientras que los dos inmuebles restantes \u00abdedicaranse a usos com\u00fans, de formaci\u00f3n e acompa\u00f1amento\u00bb. La selecci\u00f3n de proyectos se realizar\u00e1 a trav\u00e9s de una convocatoria abierta. La f\u00f3rmula administrativa elegida para el desarrollo del procedimiento que empezar\u00e1n ya a perfilar para empezar a evaluar a los candidatos antes del verano, explicaron que ser\u00e1 la misma que con el Albergue de Peregrinos, \u00abestando garantida a viabilidade t\u00e9cnica e econ\u00f3mica\u00bb. <br>\nUna sede para el arte contempor\u00e1neo localLo que Feijoo defini\u00f3 como \u00abpaquete de iniciativas para impulsar a cultura na cidade\u00bb se completa con otra idea para estimular la parte m\u00e1s cercana al mar del Casco Vello, en la zona actualmente m\u00e1s depauperada, la praza de O Berb\u00e9s. Consiste en la apertura de una sede en Vigo del Centro Galego de Arte Contempor\u00e1neo (CGAC) de Santiago. El local que habilitar\u00e1n se encuentra en el n\u00famero 7 de esa plaza. Rodr\u00edguez y Porro avanzaron que el espacio, que tambi\u00e9n pertenece al Consorcio (participado por la Xunta en un 90 % y el 10 % restante por el Concello de Vigo), albergar\u00e1 proyectos de creadores locales, pero tambi\u00e9n exposiciones del propio CGAC, que se encargar\u00e1 de su gesti\u00f3n y direcci\u00f3n. No ser\u00e1, seg\u00fan aclar\u00f3 el conselleiro ayer en Vigo, una sede para mostrar fondos de la colecci\u00f3n que posee el museo compostelano, sino para activar la vida cultural de la ciudad viguesa \u00abcon proxectos de arte contempor\u00e1nea vangardista que desenvolvan os artistas locais\u00bb, aunque tambi\u00e9n exhibir\u00e1 \u00abmostras tempor\u00e1is de todo tipo, que poder\u00e1n ser, por ejemplo, exposici\u00f3ns compartidas, como outros espacios que funcionan en rede, como o Museo Picasso, que ten varias sedes coordinadas\u00bb, especificando que podr\u00e1n ser exposiciones producidas en Vigo que se muestren en Compostela, o al rev\u00e9s, haciendo circular un doble flujo creativo. El CGAC de Vigo albergar\u00e1, adem\u00e1s de una sala expositiva, \u00abun espazo de documentaci\u00f3n e consulta\u00bb. <br>\nRodr\u00edguez afirm\u00f3 tambi\u00e9n que no entra en competencia con el Museo de Arte Contempor\u00e1nea de Vigo, Marco, porque \u00abnunha cidade como Vigo poden convivir perfectamente dous, tres ou m\u00e1is espazos expositivos\u00bb. La nueva sede art\u00edstica se encuentra pegada al inmueble donde la Xunta est\u00e1 construyendo el albergue de peregrinos \u00abe onde se financiou a rehabilitaci\u00f3n da nova sede da Universidade\u00bb.Caballero ofrece colaboraci\u00f3n pero mediante un convenio \u00abpara que no se eche atr\u00e1s\u00bbSobre el anuncio de Feijoo sobre la apertura de la sede del CGAC, el alcalde de Vigo dijo con sorna: \u00abCre\u00ed que iba a decir es que nos iban a pagar los 100.000 euros de 2019 del Marco. Si no los paga hay un problema de liquidez y respecto a la afirmaci\u00f3n del presidente de la Xunta de que los edificios los pagar\u00e1 el Consorcio, le record\u00f3 que \u00abel consorcio es tambi\u00e9n dinero de Vigo\u00bb, criticando que no aclara qu\u00e9 presupuesto anual tendr\u00e1. Caballero a\u00f1adi\u00f3 que \u00abdesde que Feijoo gobierna le birl\u00f3 al Marco dos millones de euros \u00abporque la Xunta le dedicaba al Marco 300.000 euros y cuando lleg\u00f3 \u00e9l, el primer a\u00f1o no pag\u00f3 nada y luego lo rebaj\u00f3 a 100.000. Por tanto, el resultado es menos dos millones. Pero adem\u00e1s Feijoo nos birl\u00f3 una caja de ahorros que dedicaba al Marco 300.000 euros al a\u00f1o, por tanto le quit\u00f3 en total 5 millones\u00bb. De todas formas el alcalde ofreci\u00f3 colaboraci\u00f3n municipal que agradeci\u00f3 la Xunta, pero con la firma de un convenio \u00abpara que no se eche atr\u00e1s\u00bb.<\/p>\n","protected":false},"excerpt":{"rendered":"<p>El presidente de la Xunta de Galicia aprovech\u00f3 el martes el discurso que cerr\u00f3 en Vigo la gala de los Premios da&#8230;<\/p>\n","protected":false},"author":1,"featured_media":2989,"comment_status":"open","ping_status":"open","sticky":false,"template":"","format":"standard","meta":[],"categories":[1],"tags":[],"_links":{"self":[{"href":"https:\/\/aproin.com\/index.php\/wp-json\/wp\/v2\/posts\/3536"}],"collection":[{"href":"https:\/\/aproin.com\/index.php\/wp-json\/wp\/v2\/posts"}],"about":[{"href":"https:\/\/aproin.com\/index.php\/wp-json\/wp\/v2\/types\/post"}],"author":[{"embeddable":true,"href":"https:\/\/aproin.com\/index.php\/wp-json\/wp\/v2\/users\/1"}],"replies":[{"embeddable":true,"href":"https:\/\/aproin.com\/index.php\/wp-json\/wp\/v2\/comments?post=3536"}],"version-history":[{"count":2,"href":"https:\/\/aproin.com\/index.php\/wp-json\/wp\/v2\/posts\/3536\/revisions"}],"predecessor-version":[{"id":3539,"href":"https:\/\/aproin.com\/index.php\/wp-json\/wp\/v2\/posts\/3536\/revisions\/3539"}],"wp:featuredmedia":[{"embeddable":true,"href":"https:\/\/aproin.com\/index.php\/wp-json\/wp\/v2\/media\/2989"}],"wp:attachment":[{"href":"https:\/\/aproin.com\/index.php\/wp-json\/wp\/v2\/media?parent=3536"}],"wp:term":[{"taxonomy":"category","embeddable":true,"href":"https:\/\/aproin.com\/index.php\/wp-json\/wp\/v2\/categories?post=3536"},{"taxonomy":"post_tag","embeddable":true,"href":"https:\/\/aproin.com\/index.php\/wp-json\/wp\/v2\/tags?post=3536"}],"curies":[{"name":"wp","href":"https:\/\/api.w.org\/{rel}","templated":true}]}}