{"id":3567,"date":"2020-03-04T11:27:26","date_gmt":"2020-03-04T10:27:26","guid":{"rendered":"https:\/\/aproin.com\/?p=3567"},"modified":"2020-03-04T11:27:32","modified_gmt":"2020-03-04T10:27:32","slug":"una-promocion-de-18-viviendas-impulsa-la-peatonal-del-calvario-y-le-anade-una-plaza","status":"publish","type":"post","link":"https:\/\/aproin.com\/index.php\/una-promocion-de-18-viviendas-impulsa-la-peatonal-del-calvario-y-le-anade-una-plaza\/","title":{"rendered":"Una promoci\u00f3n de 18 viviendas impulsa la peatonal del Calvario y le a\u00f1ade una plaza"},"content":{"rendered":"\n<p><em>El Concello aprueba la licencia del proyecto, que roza los 2 millones, y que habilitar\u00e1 dos locales y 79 plazas de garaje -Originar\u00e1 en las traseras un nuevo espacio de 686 m\u00b2 para uso p\u00fablico<\/em> <br>MARIO NESPEREIRA<\/p>\n\n\n\n<p>Nuevo acicate inmobiliario para el Calvario. La Gerencia de Urbanismo ha dado luz verde a la <strong>licencia de construcci\u00f3n de un nuevo edificio en los n\u00fameros 136-138 de Urz\u00e1iz<\/strong> -la ic\u00f3nica peatonal del barrio-, de la mano de la promotora <strong>Cend\u00f3n y Dom\u00ednguez<\/strong>. El proyecto supone la generaci\u00f3n de 18 viviendas, 79 plazas de garaje y dos locales comerciales, pero tambi\u00e9n acarrear\u00e1 un interesante cambio para la postal de la calle. Junto al nuevo edifico, se abrir\u00e1 un nuevo vial peatonal que desembocar\u00e1 en un espacio de aprovechamiento p\u00fablico interior (API) de 686 m2;, ajardinado y equipado con mobiliario urbano. La promoci\u00f3n, que ya se anuncia a pie de calle, obligar\u00e1 a la demolici\u00f3n de un viejo inmueble a partir del mes de junio. La fecha de remate de las obras est\u00e1 prevista para mediados de 2022.<\/p>\n\n\n\n<p>Seg\u00fan la licencia aprobada por el Ayuntamiento, el presupuesto de la construcci\u00f3n acaricia los dos millones de euros (1,97), que se destinar\u00e1n a la construcci\u00f3n de dos s\u00f3tanos para garaje, trasteros, planta baja para accesos y dos locales comerciales, cuatro plantas altas y \u00e1tico bajo cubierta. La superficie total a construir asciende a 5.313 m?2;. Las 18 viviendas previstas tendr\u00e1n todas las mismas caracter\u00edsticas, explican desde Cend\u00f3n y Dom\u00ednguez: dispondr\u00e1n de tres dormitorios y una superficie total de unos 100 m?2; \u00fatiles. El precio de comercializaci\u00f3n partir\u00e1 de los 298.000 euros, y aunque los trabajos sobre el terreno todav\u00eda no han arrancado, la comercializaci\u00f3n camina por un buen sendero. Siete pisos, algo m\u00e1s de un tercio del total, ya se han reservado, y tambi\u00e9n uno de los locales comerciales. La construcci\u00f3n estar\u00e1 equipada con sistemas de aerotermia, fachada transventilada y, en fin, las calidades necesarias para lograr certificaci\u00f3n energ\u00e9tica A o B.<\/p>\n\n\n\n<p>La parcela fue adquirida por los promotores &#8211;<strong>premiados por Aproin<\/strong> por el desarrollo de un inmueble en Enrique Xabier Mac\u00edas, 9; en el entorno de Hispanidade- a un grupo de herederos, dado el inter\u00e9s por desarrollar en la zona un proyecto residencial y teniendo en cuenta la afluencia de personas que cada d\u00eda recorren el bulevar del Calvario. Sobre todo, desde que su peatonalizaci\u00f3n marcara un antes y un despu\u00e9s en el a\u00f1o 2003. &#8220;Si no fuera por la ubicaci\u00f3n, no correr\u00edamos este riesgo&#8221;, alude Jos\u00e9 Dom\u00ednguez, uno de los socios.<\/p>\n\n\n\n<p>La contraparte p\u00fablica de la promoci\u00f3n es la cesi\u00f3n para esparcimiento de los vecinos de las traseras del edificio, actualmente vedadas al paso. Los t\u00e9cnicos municipales dieron luz verde a la propuesta, aunque solicitaron detallar aspectos como la jardiner\u00eda y el mobiliario, la pavimentaci\u00f3n o los sistemas de drenaje, entre otros. A esa plaza interior -de unos 17 metros de fondo entre edificaciones, a la que se llegar\u00e1 por un nuevo vial peatonal de siete- acceder\u00e1n los veh\u00edculos que dispongan de plaza de garaje.<\/p>\n\n\n\n<p>El edificio, explican sus impulsores, se construir\u00e1 una vez se derruyan de un antiguo bloque todav\u00eda en pie, y la piqueta no entrar\u00e1 hasta que no finalice el contrato de arrendamiento de su \u00fanico inquilino, el 31 de mayo. El plazo de derrumbe ser\u00e1 aproximadamente de dos meses.<\/p>\n","protected":false},"excerpt":{"rendered":"<p>El Concello aprueba la licencia del proyecto, que roza los 2 millones, y que habilitar\u00e1 dos locales y 79 plazas de garaje&#8230;<\/p>\n","protected":false},"author":1,"featured_media":2865,"comment_status":"open","ping_status":"open","sticky":false,"template":"","format":"standard","meta":[],"categories":[1],"tags":[],"_links":{"self":[{"href":"https:\/\/aproin.com\/index.php\/wp-json\/wp\/v2\/posts\/3567"}],"collection":[{"href":"https:\/\/aproin.com\/index.php\/wp-json\/wp\/v2\/posts"}],"about":[{"href":"https:\/\/aproin.com\/index.php\/wp-json\/wp\/v2\/types\/post"}],"author":[{"embeddable":true,"href":"https:\/\/aproin.com\/index.php\/wp-json\/wp\/v2\/users\/1"}],"replies":[{"embeddable":true,"href":"https:\/\/aproin.com\/index.php\/wp-json\/wp\/v2\/comments?post=3567"}],"version-history":[{"count":1,"href":"https:\/\/aproin.com\/index.php\/wp-json\/wp\/v2\/posts\/3567\/revisions"}],"predecessor-version":[{"id":3568,"href":"https:\/\/aproin.com\/index.php\/wp-json\/wp\/v2\/posts\/3567\/revisions\/3568"}],"wp:featuredmedia":[{"embeddable":true,"href":"https:\/\/aproin.com\/index.php\/wp-json\/wp\/v2\/media\/2865"}],"wp:attachment":[{"href":"https:\/\/aproin.com\/index.php\/wp-json\/wp\/v2\/media?parent=3567"}],"wp:term":[{"taxonomy":"category","embeddable":true,"href":"https:\/\/aproin.com\/index.php\/wp-json\/wp\/v2\/categories?post=3567"},{"taxonomy":"post_tag","embeddable":true,"href":"https:\/\/aproin.com\/index.php\/wp-json\/wp\/v2\/tags?post=3567"}],"curies":[{"name":"wp","href":"https:\/\/api.w.org\/{rel}","templated":true}]}}