{"id":3590,"date":"2020-04-29T18:37:59","date_gmt":"2020-04-29T16:37:59","guid":{"rendered":"https:\/\/aproin.com\/?p=3590"},"modified":"2020-04-30T11:37:12","modified_gmt":"2020-04-30T09:37:12","slug":"jornadaefectos-del-coronavirus-en-el-sector-inmobiliario-repercusion-en-el-mercado-la-inversion-y-la-valoracion","status":"publish","type":"post","link":"https:\/\/aproin.com\/index.php\/jornadaefectos-del-coronavirus-en-el-sector-inmobiliario-repercusion-en-el-mercado-la-inversion-y-la-valoracion\/","title":{"rendered":"Jornada:Efectos del coronavirus en el sector inmobiliario. Repercusi\u00f3n en el mercado, la inversi\u00f3n y la valoraci\u00f3n"},"content":{"rendered":"\n<p>En las \u00faltimas fechas los medios de comunicaci\u00f3n se est\u00e1n haciendo eco en numerosas ocasiones del futuro del sector inmobiliario debido a la llegada del Covid-19. Podemos encontrar titulares como \u201cLa vivienda se enfrenta a una ca\u00edda de precio como la del a\u00f1o en que estall\u00f3 la burbuja\u201d hasta otros como &#8220;El sector inmobiliario ser\u00e1 una de las locomotoras del pa\u00eds tras el Covid-19&#8221;.<\/p>\n\n\n\n<p>Espa\u00f1a se encuentra en estado de alarma por el coronavirus. La situaci\u00f3n de pandemia por la expansi\u00f3n del coronavirus est\u00e1 teniendo efectos directos en todos los niveles de la sociedad. En el caso del mercado inmobiliario las consecuencias del coronavirus tambi\u00e9n han empezado a contabilizarse.<\/p>\n\n\n\n<p>En este encuentro escucharemos la opini\u00f3n de los promotores, las comercializadoras, las sociedades de tasaci\u00f3n y la banca, que debatir\u00e1n y arrojar\u00e1n algo m\u00e1s de luz sobre el futuro de un sector fundamental para el crecimiento de la econom\u00eda.<\/p>\n\n\n\n<p><\/p>\n\n\n\n<figure class=\"wp-block-table\"><table class=\"\"><tbody><tr><td>\n  \u00a1JUNTOS VENCEREMOS ESTA CRISIS!<br>\n  <strong>#quenotepare_covid19<\/strong><br>\n  <br>\n  Lugar: <strong>en tu casa<\/strong>\n  <a href=\"https:\/\/gal.us9.list-manage.com\/track\/click?u=3952f4f6920508a8a5f5203d1&amp;id=66e6e4af33&amp;e=2c852beacc\" target=\"_blank\" rel=\"noreferrer noopener\">(sala online &#8211; Reserva tu plaza<\/a><a href=\"https:\/\/gal.us9.list-manage.com\/track\/click?u=3952f4f6920508a8a5f5203d1&amp;id=d534f753e4&amp;e=2c852beacc\">)<\/a><br>\n  Fecha: <strong>Lunes\n  4&nbsp;de mayo&nbsp;de 2020<\/strong> \/&nbsp;Horario:&nbsp;<strong>10:00 a 11:30 horas<\/strong>\n  <\/td><\/tr><\/tbody><\/table><\/figure>\n\n\n\n<figure class=\"wp-block-image size-large\"><img loading=\"lazy\" width=\"640\" height=\"640\" src=\"https:\/\/aproin.com\/wp-content\/uploads\/2020\/04\/webinar-Covid.jpg\" alt=\"\" class=\"wp-image-3592\" srcset=\"https:\/\/aproin.com\/wp-content\/uploads\/2020\/04\/webinar-Covid.jpg 640w, https:\/\/aproin.com\/wp-content\/uploads\/2020\/04\/webinar-Covid-300x300.jpg 300w, https:\/\/aproin.com\/wp-content\/uploads\/2020\/04\/webinar-Covid-150x150.jpg 150w\" sizes=\"(max-width: 640px) 100vw, 640px\" \/><\/figure>\n","protected":false},"excerpt":{"rendered":"<p>En las \u00faltimas fechas los medios de comunicaci\u00f3n se est\u00e1n haciendo eco en numerosas ocasiones del futuro del sector inmobiliario debido a&#8230;<\/p>\n","protected":false},"author":1,"featured_media":3592,"comment_status":"open","ping_status":"open","sticky":false,"template":"","format":"standard","meta":[],"categories":[1],"tags":[],"_links":{"self":[{"href":"https:\/\/aproin.com\/index.php\/wp-json\/wp\/v2\/posts\/3590"}],"collection":[{"href":"https:\/\/aproin.com\/index.php\/wp-json\/wp\/v2\/posts"}],"about":[{"href":"https:\/\/aproin.com\/index.php\/wp-json\/wp\/v2\/types\/post"}],"author":[{"embeddable":true,"href":"https:\/\/aproin.com\/index.php\/wp-json\/wp\/v2\/users\/1"}],"replies":[{"embeddable":true,"href":"https:\/\/aproin.com\/index.php\/wp-json\/wp\/v2\/comments?post=3590"}],"version-history":[{"count":2,"href":"https:\/\/aproin.com\/index.php\/wp-json\/wp\/v2\/posts\/3590\/revisions"}],"predecessor-version":[{"id":3594,"href":"https:\/\/aproin.com\/index.php\/wp-json\/wp\/v2\/posts\/3590\/revisions\/3594"}],"wp:featuredmedia":[{"embeddable":true,"href":"https:\/\/aproin.com\/index.php\/wp-json\/wp\/v2\/media\/3592"}],"wp:attachment":[{"href":"https:\/\/aproin.com\/index.php\/wp-json\/wp\/v2\/media?parent=3590"}],"wp:term":[{"taxonomy":"category","embeddable":true,"href":"https:\/\/aproin.com\/index.php\/wp-json\/wp\/v2\/categories?post=3590"},{"taxonomy":"post_tag","embeddable":true,"href":"https:\/\/aproin.com\/index.php\/wp-json\/wp\/v2\/tags?post=3590"}],"curies":[{"name":"wp","href":"https:\/\/api.w.org\/{rel}","templated":true}]}}