{"id":3595,"date":"2020-05-05T10:18:41","date_gmt":"2020-05-05T08:18:41","guid":{"rendered":"https:\/\/aproin.com\/?p=3595"},"modified":"2020-05-05T10:18:46","modified_gmt":"2020-05-05T08:18:46","slug":"vigo-es-diferente-el-inmobiliario-descarta-una-caida-de-precios","status":"publish","type":"post","link":"https:\/\/aproin.com\/index.php\/vigo-es-diferente-el-inmobiliario-descarta-una-caida-de-precios\/","title":{"rendered":"Vigo es diferente: el inmobiliario descarta una ca\u00edda de precios"},"content":{"rendered":"\n<p><\/p>\n\n\n\n<p>Atl\u00e1ntico<br>\nana fuentes. vigo<\/p>\n\n\n\n<p>Expertos confirman que los vigueses buscan m\u00e1s casas con jard\u00edn y pisos con terrazas.<br> <strong>Vigo es diferente<\/strong>, tambi\u00e9n para el sector inmobiliario, que no espera ca\u00eddas significativas de precios. En esto coincidieron cinco expertos, que fueron los protagonistas ayer de la mesa redonda virtual que organiz\u00f3 el C\u00edrculo de Empresarios y moderada por Jorge Pernas, consultor inmobiliario y fundador de Seen&amp;Sold.<br> Para <strong>Javier Garrido, presidente de Aproin<\/strong>, &#8220;el sector inmobiliario en Espa\u00f1a va a vivir situaciones muy diferentes, porque no existe un \u00fanico mercado&#8221;, explic\u00f3. En Vigo en concreto &#8220;llevamos mucho tiempo sin construir y tenemos una bolsa de demanda sin satisfacer&#8221; y para eso &#8220;es imprescindible que la banca que conoce mejor nuestro territorio pueda actuar de distinta manera&#8221;. Para Garrido &#8220;debemos ser moderadamente optimistas en lo m\u00e1s local. En Vigo la construcci\u00f3n se va a activar y la licitaci\u00f3n p\u00fablica&#8221;, opina.<\/p>\n\n\n\n<p>J<strong>os\u00e9 Viqueira, consejero ejecutivo de Grupo Viqueira<\/strong>, explic\u00f3 que &#8220;el sector inmobiliario es tremendamente atomizado y hay que verlo casi proyecto por proyecto&#8221;, por eso cuando ve noticias de ca\u00eddas de precios encuentra explicaci\u00f3n en ciudades como Madrid, por su subida desde 2014. &#8220;En la provincia de Pontevedra la subida ha sido del 4% y la inflaci\u00f3n de algo m\u00e1s del 3%, as\u00ed que en t\u00e9rminos reales la subida de los precios fue de un uno escaso y es poco probable ahora que haya impacto en los precios. <\/p>\n\n\n\n<p>Para Jos\u00e9 Viqueira &#8220;quiz\u00e1 sea buen momento de repensar proyectos, ahora que se buscan viviendas m\u00e1s amplias y las terrazas est\u00e1n siendo muy valoradas&#8221;.<\/p>\n\n\n\n<p><strong>Pablo Campos, socio de Beneite Inmobiliaria<\/strong>, explic\u00f3 que hubo &#8220;un primer momento en que la demanda se paraliz\u00f3 al 100%, fue el periodo de shock. Pero a partir del d\u00eda 10 o del 11 de abril empezamos a recibir solicitudes de informaci\u00f3n de nuevo&#8221; y la mayor parte &#8220;han sido de casas en el extrarradio de Vigo&#8221;, precis\u00f3. Para Pablo Campos &#8220;Vigo es un mercado distinto, antes de la crisis ten\u00edamos m\u00e1s demanda que oferta y la perspectiva no es la misma que en Madrid o Barcelona&#8221;. <\/p>\n\n\n\n<p><strong>Diego Esquer, delegado de Gesvalt<\/strong> en Galicia, habr\u00e1 propiedades que bajen &#8220;porque estaban fuera de precio. Va a haber ajuste pero no todo lo que se est\u00e1 comentando. Volveremos a precios de 2016, pero no habr\u00e1 gangas&#8221;. <br> <strong>Roberto Fern\u00e1ndez, director de negocio Promoci\u00f3n Inmobiliaria Galicia, Asturias y Le\u00f3n en Abanca<\/strong>, asegur\u00f3 que &#8220;nosotros estamos con el sector promotor. Abanca va a ser una parte fundamental porque seguimos estudiando promociones. En Galicia la liquidez es grande y eso nos da mucho margen&#8221;, se\u00f1al\u00f3.<\/p>\n","protected":false},"excerpt":{"rendered":"<p>Atl\u00e1ntico ana fuentes. vigo Expertos confirman que los vigueses buscan m\u00e1s casas con jard\u00edn y pisos con terrazas. Vigo es diferente, tambi\u00e9n&#8230;<\/p>\n","protected":false},"author":1,"featured_media":3592,"comment_status":"open","ping_status":"open","sticky":false,"template":"","format":"standard","meta":[],"categories":[1],"tags":[],"_links":{"self":[{"href":"https:\/\/aproin.com\/index.php\/wp-json\/wp\/v2\/posts\/3595"}],"collection":[{"href":"https:\/\/aproin.com\/index.php\/wp-json\/wp\/v2\/posts"}],"about":[{"href":"https:\/\/aproin.com\/index.php\/wp-json\/wp\/v2\/types\/post"}],"author":[{"embeddable":true,"href":"https:\/\/aproin.com\/index.php\/wp-json\/wp\/v2\/users\/1"}],"replies":[{"embeddable":true,"href":"https:\/\/aproin.com\/index.php\/wp-json\/wp\/v2\/comments?post=3595"}],"version-history":[{"count":1,"href":"https:\/\/aproin.com\/index.php\/wp-json\/wp\/v2\/posts\/3595\/revisions"}],"predecessor-version":[{"id":3596,"href":"https:\/\/aproin.com\/index.php\/wp-json\/wp\/v2\/posts\/3595\/revisions\/3596"}],"wp:featuredmedia":[{"embeddable":true,"href":"https:\/\/aproin.com\/index.php\/wp-json\/wp\/v2\/media\/3592"}],"wp:attachment":[{"href":"https:\/\/aproin.com\/index.php\/wp-json\/wp\/v2\/media?parent=3595"}],"wp:term":[{"taxonomy":"category","embeddable":true,"href":"https:\/\/aproin.com\/index.php\/wp-json\/wp\/v2\/categories?post=3595"},{"taxonomy":"post_tag","embeddable":true,"href":"https:\/\/aproin.com\/index.php\/wp-json\/wp\/v2\/tags?post=3595"}],"curies":[{"name":"wp","href":"https:\/\/api.w.org\/{rel}","templated":true}]}}