{"id":3625,"date":"2020-07-17T10:36:27","date_gmt":"2020-07-17T08:36:27","guid":{"rendered":"https:\/\/aproin.com\/?p=3625"},"modified":"2020-07-17T10:36:31","modified_gmt":"2020-07-17T08:36:31","slug":"javier-garrido-hace-falta-mucha-inversion-en-vivienda","status":"publish","type":"post","link":"https:\/\/aproin.com\/index.php\/javier-garrido-hace-falta-mucha-inversion-en-vivienda\/","title":{"rendered":"Javier Garrido: &#8220;Hace falta mucha inversi\u00f3n en vivienda&#8221;"},"content":{"rendered":"\n<p><br><br> s.fern\u00e1ndez  \/ vigo  Atl\u00e1ntico Diario<\/p>\n\n\n\n<p>El presidente de la Asociaci\u00f3n de Promotores Inmobiliarios de Pontevedra, que espera que el nuevo PGOM se apruebe cuanto antes para <strong>revitalizar el mercado<\/strong>, afirma que &#8220;ahora mismo se est\u00e1n dando licencias conforme al anterior plan si no alteran las previsiones del pr\u00f3ximo&#8221;, pero esto no es suficiente para satisfacer la demanda. Adem\u00e1s, &#8220;hay muy poco solar libre en Vigo&#8221;, explica.<br>Garrido comenta tambi\u00e9n que el arrendamiento en Vigo ha subido a consecuencia de la escasa oferta inmobiliaria que hay ahora mismo. &#8220;Este no es distinto a otros mercados, por lo que yo creo que \u2013a ra\u00edz de la escasa oferta\u2013 se mantendr\u00e1n los precios de la vivienda nueva y bajar\u00e1n un poco los de la vivienda usada, que es de la que est\u00e1 viviendo Vigo \u00faltimamente&#8221;. Sin embargo, avisa de que &#8220;esa vivienda usada va camino de convertirse en vivienda vieja&#8221;, por lo que insiste en la importancia de un nuevo plan de urbanismo que permita construir m\u00e1s viviendas acordes con la demanda actual. Adem\u00e1s, tampoco prev\u00e9 una subida del alquiler, que seguir\u00e1 alto.<br> Otra de las urgencias del sector de acuerdo con el presidente de Aproin es la falta de inversi\u00f3n: &#8220;Sin duda, es necesaria&#8221;. Explica que &#8220;a medio plazo, es una de las mejores inversiones que se pueden hacer. El rendimiento en cinco o diez a\u00f1os es algo que no se ve en otros negocios&#8221;.<\/p>\n","protected":false},"excerpt":{"rendered":"<p>s.fern\u00e1ndez \/ vigo Atl\u00e1ntico Diario El presidente de la Asociaci\u00f3n de Promotores Inmobiliarios de Pontevedra, que espera que el nuevo PGOM se&#8230;<\/p>\n","protected":false},"author":1,"featured_media":2737,"comment_status":"open","ping_status":"open","sticky":false,"template":"","format":"standard","meta":[],"categories":[1],"tags":[],"_links":{"self":[{"href":"https:\/\/aproin.com\/index.php\/wp-json\/wp\/v2\/posts\/3625"}],"collection":[{"href":"https:\/\/aproin.com\/index.php\/wp-json\/wp\/v2\/posts"}],"about":[{"href":"https:\/\/aproin.com\/index.php\/wp-json\/wp\/v2\/types\/post"}],"author":[{"embeddable":true,"href":"https:\/\/aproin.com\/index.php\/wp-json\/wp\/v2\/users\/1"}],"replies":[{"embeddable":true,"href":"https:\/\/aproin.com\/index.php\/wp-json\/wp\/v2\/comments?post=3625"}],"version-history":[{"count":2,"href":"https:\/\/aproin.com\/index.php\/wp-json\/wp\/v2\/posts\/3625\/revisions"}],"predecessor-version":[{"id":3627,"href":"https:\/\/aproin.com\/index.php\/wp-json\/wp\/v2\/posts\/3625\/revisions\/3627"}],"wp:featuredmedia":[{"embeddable":true,"href":"https:\/\/aproin.com\/index.php\/wp-json\/wp\/v2\/media\/2737"}],"wp:attachment":[{"href":"https:\/\/aproin.com\/index.php\/wp-json\/wp\/v2\/media?parent=3625"}],"wp:term":[{"taxonomy":"category","embeddable":true,"href":"https:\/\/aproin.com\/index.php\/wp-json\/wp\/v2\/categories?post=3625"},{"taxonomy":"post_tag","embeddable":true,"href":"https:\/\/aproin.com\/index.php\/wp-json\/wp\/v2\/tags?post=3625"}],"curies":[{"name":"wp","href":"https:\/\/api.w.org\/{rel}","templated":true}]}}