{"id":3829,"date":"2020-12-14T11:33:14","date_gmt":"2020-12-14T10:33:14","guid":{"rendered":"https:\/\/aproin.com\/?p=3829"},"modified":"2020-12-14T11:33:18","modified_gmt":"2020-12-14T10:33:18","slug":"tomas-alonso-sumara-un-geriatrico-y-mas-de-60-viviendas-con-una-inversion-de-8-millones","status":"publish","type":"post","link":"https:\/\/aproin.com\/index.php\/tomas-alonso-sumara-un-geriatrico-y-mas-de-60-viviendas-con-una-inversion-de-8-millones\/","title":{"rendered":"Tom\u00e1s Alonso sumar\u00e1 un geri\u00e1trico y m\u00e1s de 60 viviendas con una inversi\u00f3n de 8 millones"},"content":{"rendered":"\n<p><strong><em>Avantespacia construir\u00e1 una residencia de mayores con 105 habitaciones y dos bloques de pisos en un terreno sin uso que supera los 3.700 metros cuadrados | Urbanismo conceder\u00e1 esta misma semana la licencia de obra<\/em><\/strong><\/p>\n\n\n\n<p>Borja Melchor \/ Faro de Vigo<\/p>\n\n\n\n<p><br>La huella de Manuel Jove en la metr\u00f3polis ol\u00edvica ganar\u00e1 tama\u00f1o: la divisi\u00f3n inmobiliaria del grupo Inveravante, Avantespacia, extender\u00e1 sus tent\u00e1culos hacia la calle Tom\u00e1s Alonso con la construcci\u00f3n en la parcela que se extiende del n\u00famero 91 al 111 de una residencia de mayores para 125 personas con 105 habitaciones, complejo que se a\u00f1ade a los dos bloques de 62 viviendas de dos a cuatro dormitorios ya anunciados. La firma invertir\u00e1 8 millones de euros para dar una segunda vida a un espacio que, actualmente, se encuentra sin uso, sin construcciones en altura y cerrado perimetralmente con respecto a la v\u00eda p\u00fablica. Esta semana, la Gerencia Municipal de Urbanismo conceder\u00e1 la licencia de obra a este proyecto millonario, que se desarrollar\u00e1 gracias a la IOP (Instrumento de Ordenaci\u00f3n Provisional).<\/p>\n\n\n\n<p><strong>Manuel Jove: del taller de carpinter\u00eda a la Lista Forbes<\/strong><br>Sobre el terreno, ubicado entre la avenida de Castelao y la avenida de Beiramar, a solo 200 metros de la Praza da Industria, se levantar\u00e1 un complejo de m\u00e1s de 18.600 metros cuadrados construidos conformado por tres bloques. El primero (bloque A), de car\u00e1cter dotacional-asistencial, ser\u00e1 un geri\u00e1trico: contar\u00e1 con una planta de s\u00f3tano (para 14 plazas de aparcamiento y dependencias de servicios generales, de personal y de instalaciones), planta baja y entreplanta (para dependencias de administraci\u00f3n y de usos comunes), cuatro plantas altas, planta de \u00e1tico y de cubierta; la sociedad que va a desarrollar y gestionar su actividad ser\u00e1 Sanyres Sur, S.L.U. El segundo (B) ofrecer\u00e1 uso residencial colectivo: dos plantas de s\u00f3tano (tanto para garaje como para trasteros), planta baja (para uso comercial) y nueve plantas altas para dar espacio a 49 viviendas.<\/p>\n\n\n\n<p>El tercero (C), dos plantas de s\u00f3tano (para garaje y trasteros), planta baja (para uso comercial), cuatro plantas altas y \u00e1tico para 13 viviendas. As\u00ed, el complejo se compone de tres vol\u00famenes de cinco, 10 y cinco plantas, \u201cperfectamente adaptadas al terreno, escalonadas entre ellas para cumplir con la condici\u00f3n de altura m\u00e1xima permitida\u201d. Bajo rasante y para servicio de las viviendas, se disponen 86 plazas de aparcamiento, zonas para instalaciones y 62 trasteros. En la planta baja, se habilitar\u00e1n los portales de acceso a viviendas y a la residencia (por la calle Tom\u00e1s Alonso); contar\u00e1 con dos locales comerciales sin uso espec\u00edfico y dos locales de comunidad en el bloque B. En el bloque C, se crear\u00e1 otro local comercial y albergar\u00e1 el acceso de los veh\u00edculos (tambi\u00e9n por Tom\u00e1s Alonso).<\/p>\n\n\n\n<p>La parcela dispone de una superficie total de 3.743 metros cuadrados: la promotora deber\u00e1 ceder al Concello 853 metros cuadrados para ampliaci\u00f3n de vial y 1.033 de disfrute p\u00fablico. No se permitir\u00e1 la utilizaci\u00f3n del complejo hasta que no est\u00e9 concluida la urbanizaci\u00f3n, aunque los per\u00edodos de construcci\u00f3n pueden no ser paralelos absolutamente, con lo que existe la posibilidad de que haya diferencias en su finalizaci\u00f3n y, por tanto, en su puesta en uso. El resultado final dejar\u00e1 tres bloques de arquitectura compacta y contempor\u00e1nea y varias zonas de c\u00e9sped y plantaciones arb\u00f3reas sobre tierra vegetal.<\/p>\n\n\n\n<p>La promotora destaca que la intenci\u00f3n es \u201cno desaprovechar\u201d las vistas al mar \u201cen la medida en que sea posible y razonable\u201d y buscar la doble orientaci\u00f3n de las viviendas, que, como se\u00f1ala Avantespacia en su sitio web, contar\u00e1n con iluminaci\u00f3n de bajo consumo, aerotermia, tarima laminada, mueble en el lavabo o armarios revestidos. Los precios indicados en la p\u00e1gina van desde 159.000 euros (IVA y gastos no incluidos) a m\u00e1s de 200.000. Como reclamos principales, la empresa pone en valor su ubicaci\u00f3n: \u201cEn su entorno, se encuentran diversos y variados negocios, servicios p\u00fablicos y localizaciones tan singulares como la Praza da Industria o Torrecedeira. Tom\u00e1s Alonso es una apuesta segura por una vida de confort a un paso del centro\u201d, cita.<\/p>\n\n\n\n<p><strong>El complejo se levantar\u00e1 justo al lado del futuro parque de bomberos<\/strong><br>El complejo limita por el oeste con la calle Cami\u00f1o dos Estur\u00e1ns, donde se habilitar\u00e1 un \u201cgran\u201d parque de bomberos, en palabras de Abel Caballero, que estar\u00e1 situado justo a escasos metros de la residencia de mayores y de las viviendas. Para ello, el Concello dar\u00e1 vida a una nave con una superficie de m\u00e1s de 1.500 metros cuadrados que, actualmente, se encuentra vac\u00eda y abandonada, con grafitis y maleza en la fachada. Una vez operativo, cerrar\u00e1 el que est\u00e1 en Bala\u00eddos.<\/p>\n\n\n\n<p>Este no es el \u00fanico ap\u00e9ndice que Inveravante traza en Vigo. La firma, que estaba liderada por el milmillonario Manuel Jove, fallecido en mayo de este mismo a\u00f1o, posee tres proyectos m\u00e1s en la urbe: el nuevo hotel Samil \u2013ya parcialmente levantado, prev\u00e9 abrir sus puertas en el verano de 2022; la empresa Hotels Attica21 pretende dar vida a unas instalaciones de cuatro estrellas y m\u00e1s de 150 habitaciones\u2013; una promoci\u00f3n de 39 viviendas en el hist\u00f3rico edificio Ribas y en un terreno anexo \u2013en el cruce de las calles Marqu\u00e9s de Valladares y Col\u00f3n\u2013; y la joya de la corona: un complejo residencial en el solar sobre el que anta\u00f1o se alzaba el hogar de Cordeler\u00edas Mar, en Jacinto Benavente: ofrecer\u00e1 m\u00e1s de 150 pisos de hasta cuatro dormitorios.<\/p>\n","protected":false},"excerpt":{"rendered":"<p>Avantespacia construir\u00e1 una residencia de mayores con 105 habitaciones y dos bloques de pisos en un terreno sin uso que supera los&#8230;<\/p>\n","protected":false},"author":2,"featured_media":3634,"comment_status":"open","ping_status":"open","sticky":false,"template":"","format":"standard","meta":[],"categories":[1],"tags":[],"_links":{"self":[{"href":"https:\/\/aproin.com\/index.php\/wp-json\/wp\/v2\/posts\/3829"}],"collection":[{"href":"https:\/\/aproin.com\/index.php\/wp-json\/wp\/v2\/posts"}],"about":[{"href":"https:\/\/aproin.com\/index.php\/wp-json\/wp\/v2\/types\/post"}],"author":[{"embeddable":true,"href":"https:\/\/aproin.com\/index.php\/wp-json\/wp\/v2\/users\/2"}],"replies":[{"embeddable":true,"href":"https:\/\/aproin.com\/index.php\/wp-json\/wp\/v2\/comments?post=3829"}],"version-history":[{"count":1,"href":"https:\/\/aproin.com\/index.php\/wp-json\/wp\/v2\/posts\/3829\/revisions"}],"predecessor-version":[{"id":3830,"href":"https:\/\/aproin.com\/index.php\/wp-json\/wp\/v2\/posts\/3829\/revisions\/3830"}],"wp:featuredmedia":[{"embeddable":true,"href":"https:\/\/aproin.com\/index.php\/wp-json\/wp\/v2\/media\/3634"}],"wp:attachment":[{"href":"https:\/\/aproin.com\/index.php\/wp-json\/wp\/v2\/media?parent=3829"}],"wp:term":[{"taxonomy":"category","embeddable":true,"href":"https:\/\/aproin.com\/index.php\/wp-json\/wp\/v2\/categories?post=3829"},{"taxonomy":"post_tag","embeddable":true,"href":"https:\/\/aproin.com\/index.php\/wp-json\/wp\/v2\/tags?post=3829"}],"curies":[{"name":"wp","href":"https:\/\/api.w.org\/{rel}","templated":true}]}}