{"id":3837,"date":"2020-12-29T10:13:50","date_gmt":"2020-12-29T09:13:50","guid":{"rendered":"https:\/\/aproin.com\/?p=3837"},"modified":"2020-12-29T10:13:54","modified_gmt":"2020-12-29T09:13:54","slug":"nueva-vida-entre-andamios-para-jenaro-de-la-fuente","status":"publish","type":"post","link":"https:\/\/aproin.com\/index.php\/nueva-vida-entre-andamios-para-jenaro-de-la-fuente\/","title":{"rendered":"Nueva vida entre andamios para Jenaro de la Fuente"},"content":{"rendered":"\n<p><br><strong><em>La reforma de un edificio en Garc\u00eda Olloqui aumenta el listado de obras de los De la Fuente (padre e hijo) que renacen en el centro<\/em><\/strong><br><br>Carlos Prego \/ Faro de Vigo<\/p>\n\n\n\n<p><strong>Vigo es tierra de estirpes de grandes arquitectos<\/strong>. Sin embargo pocos apellidos han dejado tanta \u2013y tan honda\u2013 huella en la fisionom\u00eda de la ciudad como De la Fuente. Entre el \u00faltimo cuarto del siglo XIX y ya bien entrado el XX se estamp\u00f3 en proyectos para bloques de viviendas, mercados, edificios p\u00fablicos e incluso alg\u00fan estadio, todos salpicados por medio casco urbano. Primero de la mano del padre, De la Fuente Dom\u00ednguez; y m\u00e1s tarde de la de su hijo, De la Fuente \u00c1lvarez. Ambos Jenaro, por cierto. A punto de cumplirse 170 a\u00f1os del nacimiento del primero y 130 del segundo parte de su legado disfruta de una aut\u00e9ntica \u201cedad dorada\u201d. A lo largo de los \u00faltimos a\u00f1os se han \u201ccocinado\u201d o culminado reformas de algunos de sus construcciones m\u00e1s c\u00e9ntricas de Vigo. <strong>La \u00faltima acaba de arrancar en la calle Garc\u00eda Olloqui, junto a la Alameda.<\/strong><\/p>\n\n\n\n<p>La cooperativa Olloqui 3, que agrupa a ocho familias, activ\u00f3 hace d\u00edas la rehabilitaci\u00f3n de lo que queda del inmueble proyectado por Jenaro de la Fuente Dom\u00ednguez a inicios del XX \u2013entre 1904 y 1909\u2013 por encargo de Francisco \u00c1lvarez. La sociedad conservar\u00e1 de forma meticulosa la fachada y estructura del edificio original, que lleva a\u00f1os en ruinas, y le a\u00f1adir\u00e1 varias alturas con una est\u00e9tica que permita diferenciar claramente qu\u00e9 partes son originales y cu\u00e1les nuevas. El objetivo \u2013comparte Luca Mellino, presidente de la cooperativa\u2013 es respetar al m\u00e1ximo las directrices de Patrimonio. <strong>El bloque dispondr\u00e1 de ocho viviendas, adem\u00e1s de un bajo comercial y aparcamiento.<\/strong><\/p>\n\n\n\n<p><strong>\u201cEl edificio tiene protecci\u00f3n total y se conservar\u00e1 todo lo que hay: la fachada, las escaleras y la forma original\u201d<\/strong><\/p>\n\n\n\n<p>A modo de ejemplo explica que se preservar\u00e1n las vigas de madera que sigan en buen estado y repondr\u00e1n las que est\u00e9n deterioradas. El inicio de las obras corona una larga tramitaci\u00f3n que arranc\u00f3 hace tres a\u00f1os, a finales de 2017, cuando se puso en marcha la maquinaria administrativa y de b\u00fasqueda de inversores interesados en la reforma. <strong>Dos de las figuras clave del proceso son el arquitecto Pablo Men\u00e9ndez, del estudio M.A.M., y Nacho Gonz\u00e1lez, de Xesta de Autopromoci\u00f3n.<\/strong><\/p>\n\n\n\n<p>Los arquitectos encargados del proyecto son el propio Men\u00e9ndez y Jos\u00e9 Barbosa. La ejecuci\u00f3n de las obras recae sobre Oreco Balg\u00f3n y el plazo previsto para culminar los trabajos \u2013se\u00f1ala Mellino\u2013 ronda el a\u00f1o y medio, aunque podr\u00eda acortarse varios meses si acompa\u00f1a la meteorolog\u00eda. La inversi\u00f3n global ronda los 4,5 millones de euros.<\/p>\n\n\n\n<p>\u201cEstamos felices con el inicio de la obra porque se ve materializado el esfuerzo y estamos consiguiendo el objetivo, que es recuperar un edificio que, en mi humilde opini\u00f3n, es de los m\u00e1s bonitos de Vigo\u201d<br>Apunta el responsable de la cooperativa, constituida hace ya m\u00e1s de dos a\u00f1os, en septiembre de 2018.<\/p>\n\n\n\n<p>El de Garc\u00eda Olloqui es quiz\u00e1s el \u00faltimo ejemplo de edificios trazados por De la Fuente \u2013padre e hijo\u2013 que disfrutan ahora de una segunda vida, pero ni mucho menos es el \u00fanico. En la calle Uruguay, a la altura del n\u00ba 11, el fondo Seagull, de Andbank, est\u00e1 rehabilitando tambi\u00e9n un bloque que lleva la firma de Jenaro de la Fuente \u00c1lvarez. El inmueble se proyect\u00f3 en la d\u00e9cada de 1920 para la familia Fadrique y se levant\u00f3 en los 30. Seg\u00fan los planes avanzados en su d\u00eda por la promotora, sumar\u00e1 14 viviendas.<\/p>\n\n\n\n<p>Seagull \u2013Seagull 2, para ser precisos\u2013 est\u00e1 detr\u00e1s de la reforma de otro edificio de Jenaro de la Fuente situado en la confluencia de las calles Rosal\u00eda de Castro y Oporto. La compa\u00f1\u00eda anunci\u00f3 en marzo sus planes de invertir cerca de nueve millones en total en recuperar el edificio, trazado en 1924. La actuaci\u00f3n respetar\u00e1 tambi\u00e9n la fachada, aunque ganar\u00e1 altura, lo que le permitir\u00e1 acoger 29 apartamentos.<\/p>\n\n\n\n<p>La firma de Jenaro de la Fuente estar\u00eda detr\u00e1s tambi\u00e9n, seg\u00fan la <strong>Asociaci\u00f3n de Promotores Inmobiliarios de Pontevedra (Aproin)<\/strong>, del edificio que se alza en la esquina de V\u00e1zquez Varela con Urz\u00e1iz. Tras a\u00f1os de abandono, <strong>el caser\u00f3n acaba de renacer de la mano de Ceetrus<\/strong> \u2013la misma compa\u00f1\u00eda que est\u00e1 construyendo Vialia\u2013, que prev\u00e9 convertirlo en un hotel. No muy lejos de all\u00ed, entre Urz\u00e1iz, Lepanto y Gran V\u00eda, se ha mejorado tambi\u00e9n hace no mucho la fachada del conocido como \u201cLa Peineta\u201d \u2013apodo que le ha dado su remate\u2013, obra de nuevo de Jenaro de la Fuente.<\/p>\n\n\n\n<p>Hace solo unos meses, en junio, trascend\u00eda tambi\u00e9n que <strong>una promotora plantea rehabilitar el edificio dise\u00f1ado por Jenaro de la Fuente en 1914 para el n\u00famero 22 de la calle Col\u00f3n<\/strong>. El objetivo: modernizarlo con un p<strong>royecto de los arquitectos Jos\u00e9 Melero y Jorge G. Herrero, del estudio OPV<\/strong>, para destinarlo a viviendas con un bajo que se convertir\u00e1 en centro de negocios. El inmueble actual ha ido variando con el paso del tiempo: en 1915 el propio De la Fuente ampli\u00f3 su altura y en los a\u00f1os 30 experiment\u00f3 otro \u201cestir\u00f3n\u201d con planos de Antonio Cominges. <strong>El nombre Jenaro De la Fuente est\u00e1 incluso detr\u00e1s del proyecto original del estadio de Bala\u00eddos, ahora en plena reinvenci\u00f3n.<\/strong><\/p>\n","protected":false},"excerpt":{"rendered":"<p>La reforma de un edificio en Garc\u00eda Olloqui aumenta el listado de obras de los De la Fuente (padre e hijo) que&#8230;<\/p>\n","protected":false},"author":2,"featured_media":3838,"comment_status":"open","ping_status":"open","sticky":false,"template":"","format":"standard","meta":[],"categories":[1],"tags":[],"_links":{"self":[{"href":"https:\/\/aproin.com\/index.php\/wp-json\/wp\/v2\/posts\/3837"}],"collection":[{"href":"https:\/\/aproin.com\/index.php\/wp-json\/wp\/v2\/posts"}],"about":[{"href":"https:\/\/aproin.com\/index.php\/wp-json\/wp\/v2\/types\/post"}],"author":[{"embeddable":true,"href":"https:\/\/aproin.com\/index.php\/wp-json\/wp\/v2\/users\/2"}],"replies":[{"embeddable":true,"href":"https:\/\/aproin.com\/index.php\/wp-json\/wp\/v2\/comments?post=3837"}],"version-history":[{"count":1,"href":"https:\/\/aproin.com\/index.php\/wp-json\/wp\/v2\/posts\/3837\/revisions"}],"predecessor-version":[{"id":3839,"href":"https:\/\/aproin.com\/index.php\/wp-json\/wp\/v2\/posts\/3837\/revisions\/3839"}],"wp:featuredmedia":[{"embeddable":true,"href":"https:\/\/aproin.com\/index.php\/wp-json\/wp\/v2\/media\/3838"}],"wp:attachment":[{"href":"https:\/\/aproin.com\/index.php\/wp-json\/wp\/v2\/media?parent=3837"}],"wp:term":[{"taxonomy":"category","embeddable":true,"href":"https:\/\/aproin.com\/index.php\/wp-json\/wp\/v2\/categories?post=3837"},{"taxonomy":"post_tag","embeddable":true,"href":"https:\/\/aproin.com\/index.php\/wp-json\/wp\/v2\/tags?post=3837"}],"curies":[{"name":"wp","href":"https:\/\/api.w.org\/{rel}","templated":true}]}}