{"id":3841,"date":"2021-01-12T10:01:30","date_gmt":"2021-01-12T09:01:30","guid":{"rendered":"https:\/\/aproin.com\/?p=3841"},"modified":"2021-01-12T10:01:34","modified_gmt":"2021-01-12T09:01:34","slug":"la-xunta-intenta-animar-a-los-concellos-a-promover-el-alquiler-de-viviendas-vacias","status":"publish","type":"post","link":"https:\/\/aproin.com\/index.php\/la-xunta-intenta-animar-a-los-concellos-a-promover-el-alquiler-de-viviendas-vacias\/","title":{"rendered":"La Xunta intenta animar a los concellos a promover el alquiler de viviendas vac\u00edas"},"content":{"rendered":"\n<p>X. A. Taboada \/ Santiago<\/p>\n\n\n\n<p>La Xunta ha dado otra vuelta de tuerca a su programa para fomentar que las viviendas vac\u00edas salgan al mercado del alquiler social. Se trata de un plan que en sus distintas l\u00edneas de actuaci\u00f3n sufre modificaciones pr\u00e1cticamente cada a\u00f1o porque, por unas u otras razones, tiene un mal despegue. El \u00faltimo cambio se acaba de introducir en las ayudas que la Administraci\u00f3n auton\u00f3mica concede a los concellos para rehabilitar edificaciones y viviendas de titularidad municipal con la finalidad de destinarlas en alquiler a las familias con menos recursos. En un intento de \u201cmejorar los objetivos\u201d con respecto a las ediciones anteriores, ahora se abre el abanico de los ayuntamientos potencialmente beneficiarios, de forma que para solicitar estas ayudas ya no es necesario estar inscrito en el programa de viviendas vac\u00edas.<\/p>\n\n\n\n<p>Las bases reguladoras de esta convocatoria se publicaron ayer en el Diario Oficial de Galicia y literalmente se expone que se trata de un \u201cnuevo programa de ayudas\u201d, si bien la Conseller\u00eda de Medio Ambiente precis\u00f3 que se trata \u201cm\u00e1s bien\u201d de una actualizaci\u00f3n de otro existente, aunque con cambios en los requisitos y las cantidades de las subvenciones.<\/p>\n\n\n\n<p>La principal modificaci\u00f3n es la eliminaci\u00f3n de la exigencia de estar apuntado en el plan de viviendas vac\u00edas, una l\u00ednea de actuaci\u00f3n que ha quedado desactivada en la pr\u00e1ctica por el muy escaso resultado que ha dado. La Xunta la puso en marcha en junio de 2016 y la previsi\u00f3n era sacar al mercado 600 pisos vac\u00edos para destinarlos al alquiler social. La medida naci\u00f3 de un convenio con la Federaci\u00f3n Galega de Municipios e Provincias (Fegamp), de forma que eran los ayuntamientos los que deb\u00edan incorporarse al programa y adherir al mismo las viviendas vac\u00edas \u2013tanto de titularidad privada como p\u00fablica\u2013, de que dispon\u00edan en sus respectivos t\u00e9rminos municipales para posteriormente adjudicarlas a las familias con un alquiler de precio reducido.<\/p>\n\n\n\n<p>Sin embargo, casi cuatro a\u00f1os despu\u00e9s tan solo se hab\u00edan adherido al programa 75 concellos que hab\u00edan puesto en el mercado \u00fanicamente 25 viviendas. As\u00ed que el Gobierno gallego decidi\u00f3 dar carpetazo a esta actuaci\u00f3n y apostar por un nuevo planteamiento que pasa por la gesti\u00f3n directa del Instituto Galego da Vivenda e Solo.<\/p>\n\n\n\n<p>\u201cNo despert\u00f3 el suficiente inter\u00e9s entre las administraciones locales\u201d, argument\u00f3 ayer la Conseller\u00eda de Medio Ambiente. Por esta raz\u00f3n, en las ayudas destinadas a los concellos ya no se les pide esta adscripci\u00f3n, solo tener menos de 20.000 habitantes.<\/p>\n\n\n\n<p>Los inmuebles ir\u00e1n destinados a familias con escasos recursos econ\u00f3micos<br>El dinero se destinar\u00e1 a rehabilitar edificios y viviendas de titularidad municipal para darles un uso residencial y poder alquilarlas a familias con escasos recursos econ\u00f3micos, con ingresos por debajo a 2,5 veces el Indicador P\u00fablico de Renta de Efectos M\u00faltiples (Iprem).<\/p>\n\n\n\n<p>La Xunta subvencionar\u00e1 las actuaciones con hasta el 90% de las obras, si bien se establece un m\u00e1ximo de 40.000 euros, con car\u00e1cter general, por cada vivienda rehabilitada, que puede llegar a los 48.000 en caso de inmuebles situados en \u00e1mbitos hist\u00f3ricos o de los Caminos de Santiago. Adem\u00e1s, esta cuant\u00eda se podr\u00eda incrementar en 2.000 euros adicionales si la edificaci\u00f3n a reparar est\u00e1 ubicada en un \u00e1rea declarada Rexurbe.<\/p>\n\n\n\n<p>Estas ayudas llevaban antes la denominaci\u00f3n de \u201cantiguas viviendas de maestros, de otros oficios y dem\u00e1s edificios y viviendas de titularidad municipal\u201d, pero ahora ya no se hace alusi\u00f3n alguna, sino que se busca una expresi\u00f3n m\u00e1s general evitando toda referencia a si se trata o no de una residencia antigua del profesorado.<\/p>\n","protected":false},"excerpt":{"rendered":"<p>X. A. Taboada \/ Santiago La Xunta ha dado otra vuelta de tuerca a su programa para fomentar que las viviendas vac\u00edas&#8230;<\/p>\n","protected":false},"author":2,"featured_media":3566,"comment_status":"open","ping_status":"open","sticky":false,"template":"","format":"standard","meta":[],"categories":[1],"tags":[],"_links":{"self":[{"href":"https:\/\/aproin.com\/index.php\/wp-json\/wp\/v2\/posts\/3841"}],"collection":[{"href":"https:\/\/aproin.com\/index.php\/wp-json\/wp\/v2\/posts"}],"about":[{"href":"https:\/\/aproin.com\/index.php\/wp-json\/wp\/v2\/types\/post"}],"author":[{"embeddable":true,"href":"https:\/\/aproin.com\/index.php\/wp-json\/wp\/v2\/users\/2"}],"replies":[{"embeddable":true,"href":"https:\/\/aproin.com\/index.php\/wp-json\/wp\/v2\/comments?post=3841"}],"version-history":[{"count":1,"href":"https:\/\/aproin.com\/index.php\/wp-json\/wp\/v2\/posts\/3841\/revisions"}],"predecessor-version":[{"id":3842,"href":"https:\/\/aproin.com\/index.php\/wp-json\/wp\/v2\/posts\/3841\/revisions\/3842"}],"wp:featuredmedia":[{"embeddable":true,"href":"https:\/\/aproin.com\/index.php\/wp-json\/wp\/v2\/media\/3566"}],"wp:attachment":[{"href":"https:\/\/aproin.com\/index.php\/wp-json\/wp\/v2\/media?parent=3841"}],"wp:term":[{"taxonomy":"category","embeddable":true,"href":"https:\/\/aproin.com\/index.php\/wp-json\/wp\/v2\/categories?post=3841"},{"taxonomy":"post_tag","embeddable":true,"href":"https:\/\/aproin.com\/index.php\/wp-json\/wp\/v2\/tags?post=3841"}],"curies":[{"name":"wp","href":"https:\/\/api.w.org\/{rel}","templated":true}]}}