{"id":3845,"date":"2021-01-22T13:13:31","date_gmt":"2021-01-22T12:13:31","guid":{"rendered":"https:\/\/aproin.com\/?p=3845"},"modified":"2021-01-22T13:13:36","modified_gmt":"2021-01-22T12:13:36","slug":"el-nuevo-pacto-gallego-por-la-vivienda-movilizara-una-inversion-de-1-080-millones-en-cinco-anos","status":"publish","type":"post","link":"https:\/\/aproin.com\/index.php\/el-nuevo-pacto-gallego-por-la-vivienda-movilizara-una-inversion-de-1-080-millones-en-cinco-anos\/","title":{"rendered":"El nuevo pacto gallego por la vivienda movilizar\u00e1 una inversi\u00f3n de 1.080 millones en cinco a\u00f1os"},"content":{"rendered":"\n<p><strong><br>Las nuevas medidas incentivar\u00e1n la rehabilitaci\u00f3n y el acceso de los j\u00f3venes a los n\u00facleos rurales<\/strong><br><br>DOMINGOS SAMPEDRO \/ La Voz de Galicia<br><br>El presidente de la Xunta, Alberto N\u00fa\u00f1ez Feijoo, presidi\u00f3 este mi\u00e9rcoles la firma del llamado Pacto Social pola Vivienda 2021-2025, una iniciativa a la cual el Gobierno gallego destinar\u00e1 443 millones de euros en los pr\u00f3ximos cinco a\u00f1os, que movilizar\u00e1n una inversi\u00f3n de en torno a 1.080 millones para sostener alrededor de 30.000 empleos. El pacto fue suscrito con una decena de agentes y organizaciones representantes del sector, desde la Fegamp al Colexio Oficial de Arquitectos de Galicia, pasando por las organizaciones de consumidores o el Observatorio Galego da Vivenda.<\/p>\n\n\n\n<p>El pacto impulsa medio centenar de acciones, entre las que figuran muchas que ya se estaban aplicando, como incentivos fiscales o el bono de alquiler social, e incluye doce iniciativas novedosas. Entre ellas figuran, por ejemplo, la concesi\u00f3n de ayudas de hasta 20.000 euros para la adquisici\u00f3n de viviendas de protecci\u00f3n, as\u00ed como la creaci\u00f3n de un programa de alquiler con opci\u00f3n a compra para los menores de 35 a\u00f1os, a base de incentivar a los propietarios de las viviendas con ayudas de 8.000 euros para que mantengan esta posibilidad durante los cinco primeros a\u00f1os. De igual modo, la Administraci\u00f3n gallega quiere facilitar que m\u00e1s viviendas vac\u00edas entren en el mercado de los alquileres y, para ello, aportar\u00e1 ayudas de 8.000 euros a los propietarios que cedan durante 10 a\u00f1os su vivienda a la Xunta, que se ocupar\u00e1 del mantenimiento y de asegurar el cobro del alquiler.<br>En base a este pacto, los promotores p\u00fablicos y privados asumen el compromiso de la regeneraci\u00f3n de los espacios urbanos con una pol\u00edtica de vivienda que ponga en valor los elementos arquitect\u00f3nicos, est\u00e9ticos y del paisaje. \u00abConstru\u00edr nunha cidade ou nun pobo \u00e9 determinante para o valor que xenera dende o punto de vista econ\u00f3mico\u00bb, manifest\u00f3 el jefe del Ejecutivo auton\u00f3mico, que puso en valor la gu\u00eda de colores y materiales realizada por expertos para construir espacios urbanos m\u00e1s armoniosos. Otro de los ejes en los que incidi\u00f3 Feijoo durante la presentaci\u00f3n del pacto por la vivienda, que tuvo lugar en el Museo del Gai\u00e1s, es el fomento de la construcci\u00f3n en los n\u00facleos rurales, especialmente en aquellos municipios con saldos demogr\u00e1ficos negativos, con la finalidad de ampliar la apuesta por el reequilibrio territorial. \u00abEntre constru\u00edr unha vivenda nova ou rehabilitar unha vella sempre intentaremos rehabilitar\u00bb, se\u00f1al\u00f3 el mandatario gallego, que aludi\u00f3 a incentivos para poner vivienda a disposici\u00f3n de los m\u00e1s j\u00f3venes en n\u00facleos de localidades con menos de 5.000 habitantes como v\u00eda para que recuperen el dinamismo demogr\u00e1fico<\/p>\n","protected":false},"excerpt":{"rendered":"<p>Las nuevas medidas incentivar\u00e1n la rehabilitaci\u00f3n y el acceso de los j\u00f3venes a los n\u00facleos rurales DOMINGOS SAMPEDRO \/ La Voz de&#8230;<\/p>\n","protected":false},"author":2,"featured_media":3846,"comment_status":"open","ping_status":"open","sticky":false,"template":"","format":"standard","meta":[],"categories":[1],"tags":[],"_links":{"self":[{"href":"https:\/\/aproin.com\/index.php\/wp-json\/wp\/v2\/posts\/3845"}],"collection":[{"href":"https:\/\/aproin.com\/index.php\/wp-json\/wp\/v2\/posts"}],"about":[{"href":"https:\/\/aproin.com\/index.php\/wp-json\/wp\/v2\/types\/post"}],"author":[{"embeddable":true,"href":"https:\/\/aproin.com\/index.php\/wp-json\/wp\/v2\/users\/2"}],"replies":[{"embeddable":true,"href":"https:\/\/aproin.com\/index.php\/wp-json\/wp\/v2\/comments?post=3845"}],"version-history":[{"count":1,"href":"https:\/\/aproin.com\/index.php\/wp-json\/wp\/v2\/posts\/3845\/revisions"}],"predecessor-version":[{"id":3847,"href":"https:\/\/aproin.com\/index.php\/wp-json\/wp\/v2\/posts\/3845\/revisions\/3847"}],"wp:featuredmedia":[{"embeddable":true,"href":"https:\/\/aproin.com\/index.php\/wp-json\/wp\/v2\/media\/3846"}],"wp:attachment":[{"href":"https:\/\/aproin.com\/index.php\/wp-json\/wp\/v2\/media?parent=3845"}],"wp:term":[{"taxonomy":"category","embeddable":true,"href":"https:\/\/aproin.com\/index.php\/wp-json\/wp\/v2\/categories?post=3845"},{"taxonomy":"post_tag","embeddable":true,"href":"https:\/\/aproin.com\/index.php\/wp-json\/wp\/v2\/tags?post=3845"}],"curies":[{"name":"wp","href":"https:\/\/api.w.org\/{rel}","templated":true}]}}