{"id":3946,"date":"2021-05-10T09:11:43","date_gmt":"2021-05-10T07:11:43","guid":{"rendered":"https:\/\/aproin.com\/?p=3946"},"modified":"2021-05-10T09:11:48","modified_gmt":"2021-05-10T07:11:48","slug":"vigo-organizara-una-exposicion-sobre-el-arquitecto-pacewicz","status":"publish","type":"post","link":"https:\/\/aproin.com\/index.php\/vigo-organizara-una-exposicion-sobre-el-arquitecto-pacewicz\/","title":{"rendered":"Vigo organizar\u00e1 una exposici\u00f3n sobre el arquitecto Pacewicz"},"content":{"rendered":"\n<p>El Concello organizar\u00e1 la muestra en colaboraci\u00f3n con el Colegio de Arquitecto.<\/p>\n\n\n\n<p>ALEJANDRO MART\u00cdNEZ \/ La Voz <\/p>\n\n\n\n<p>El Concello de Vigo organizar\u00e1 una exposici\u00f3n para divulgar la figura del arquitecto Michel Pacewicz con motivo del centenario de su fallecimiento. El arquitecto franc\u00e9s de origen polaco desarroll\u00f3 sus \u00faltimos 17 a\u00f1os de actividad profesional en Vigo, en donde dise\u00f1\u00f3 algunos de los edificios m\u00e1s emblem\u00e1ticos de la ciudad. La Escuela de Artes y Oficios, el edificio El Moderno, las casas de Oia en Garc\u00eda Barb\u00f3n, la Casa Rosendo Silva en Jenaro de la Fuente o la Casa Y\u00e1\u00f1ez son muestras destacadas de una forma de entender la arquitectura que arraig\u00f3 en Vigo.<\/p>\n\n\n\n<p>\u00abGener\u00f3 una marca de arquitectura y una forma de entenderla en la belleza de las fachadas y funcionalidad de sus dise\u00f1os que hacen de Pacewicz uno de los grandes arquitectos que hubo nunca en este pa\u00eds\u00bb, ha valorado esta ma\u00f1ana el alcalde, Abel Caballero.<\/p>\n\n\n\n<p>La muestra se llevar\u00e1 a cabo en la calle Pr\u00edncipe y ser\u00e1 fruto de un convenio de colaboraci\u00f3n con el Colegio de Arquitectos de Galicia al que acaba de dar el visto bueno la Junta de Gobierno Local.<\/p>\n","protected":false},"excerpt":{"rendered":"<p>El Concello organizar\u00e1 la muestra en colaboraci\u00f3n con el Colegio de Arquitecto. ALEJANDRO MART\u00cdNEZ \/ La Voz El Concello de Vigo organizar\u00e1&#8230;<\/p>\n","protected":false},"author":2,"featured_media":3771,"comment_status":"open","ping_status":"open","sticky":false,"template":"","format":"standard","meta":[],"categories":[1],"tags":[],"_links":{"self":[{"href":"https:\/\/aproin.com\/index.php\/wp-json\/wp\/v2\/posts\/3946"}],"collection":[{"href":"https:\/\/aproin.com\/index.php\/wp-json\/wp\/v2\/posts"}],"about":[{"href":"https:\/\/aproin.com\/index.php\/wp-json\/wp\/v2\/types\/post"}],"author":[{"embeddable":true,"href":"https:\/\/aproin.com\/index.php\/wp-json\/wp\/v2\/users\/2"}],"replies":[{"embeddable":true,"href":"https:\/\/aproin.com\/index.php\/wp-json\/wp\/v2\/comments?post=3946"}],"version-history":[{"count":1,"href":"https:\/\/aproin.com\/index.php\/wp-json\/wp\/v2\/posts\/3946\/revisions"}],"predecessor-version":[{"id":3947,"href":"https:\/\/aproin.com\/index.php\/wp-json\/wp\/v2\/posts\/3946\/revisions\/3947"}],"wp:featuredmedia":[{"embeddable":true,"href":"https:\/\/aproin.com\/index.php\/wp-json\/wp\/v2\/media\/3771"}],"wp:attachment":[{"href":"https:\/\/aproin.com\/index.php\/wp-json\/wp\/v2\/media?parent=3946"}],"wp:term":[{"taxonomy":"category","embeddable":true,"href":"https:\/\/aproin.com\/index.php\/wp-json\/wp\/v2\/categories?post=3946"},{"taxonomy":"post_tag","embeddable":true,"href":"https:\/\/aproin.com\/index.php\/wp-json\/wp\/v2\/tags?post=3946"}],"curies":[{"name":"wp","href":"https:\/\/api.w.org\/{rel}","templated":true}]}}