{"id":4006,"date":"2021-10-07T10:46:33","date_gmt":"2021-10-07T08:46:33","guid":{"rendered":"https:\/\/aproin.com\/?p=4006"},"modified":"2021-10-07T10:46:36","modified_gmt":"2021-10-07T08:46:36","slug":"el-pgom-preve-actuar-15-anos-y-resolver-la-vivienda-protegida","status":"publish","type":"post","link":"https:\/\/aproin.com\/index.php\/el-pgom-preve-actuar-15-anos-y-resolver-la-vivienda-protegida\/","title":{"rendered":"El PGOM prev\u00e9 actuar 15 a\u00f1os y resolver la vivienda protegida"},"content":{"rendered":"\n<p>Atl\u00e1ntico<\/p>\n\n\n\n<p><strong>La concejala de Urbanismo explica el nuevo Plan General como una oportunidad tras la anulaci\u00f3n del Plan 2008 \u201cque era de otra situaci\u00f3n social y econ\u00f3mica\u201d<\/strong><br>Mar\u00eda Jos\u00e9 Caride, concejala de Urbanismo, explic\u00f3 como si fuera a\u00fan la profesora de Econ\u00f3micas de la Universidad de Vigo que fue, los pormenores del Plan General (PGOM) que acaba de ser aprobado inicialmente y que en 2023 como m\u00e1ximo tendr\u00e1 que serlo de forma definitiva.<\/p>\n\n\n\n<p>Lo hizo en el C\u00edrculo de Empresarios ante un p\u00fablico muy amplio que incluso le llam\u00f3 la atenci\u00f3n a la exconselleira. \u201cPensaba que iba a ser en una sala reducida\u201d, asegur\u00f3 al inicio de la exposici\u00f3n, que se alarg\u00f3 durante 45 minutos.<br><strong>Dej\u00f3 varios titulares.<\/strong> Uno, que el PGOM planificar\u00e1 la ciudad y estar\u00e1 en vigor como m\u00e1ximo durante 15 a\u00f1os, hasta 2038, momento en el que tendr\u00e1 que redactarse otro. Es una cuesti\u00f3n legal, advirti\u00f3. Segundo, que est\u00e1 convencida de que las necesidades apremiantes de vivienda protegida se van a resolver a trav\u00e9s de cinco \u00e1mbitos dise\u00f1ados para ello, adem\u00e1s de la ampliaci\u00f3n de Navia. Y tercero, que la anulaci\u00f3n del Plan de 2008 es una oportunidad para contar con uno nuevo \u201cque est\u00e9 adaptado a otro momento econ\u00f3mico, social\u201d.<\/p>\n\n\n\n<p>La concejala desgran\u00f3 algunas de las principales actuaciones previstas en el nuevo Plan y apunt\u00f3 que la anulaci\u00f3n judicial del anterior \u201ces una oportunidad para repensar y adaptarnos al nuevo contexto, para resolver problemas y para planificar el futuro.<\/p>\n\n\n\n<p>Estamos en otro momento social y econ\u00f3mico, Vigo de 2021 no es el de principios de siglo\u201d, se\u00f1al\u00f3 en C\u00edrculo. Anot\u00f3 que el 70 % de los planes generales que llegan al Tribunal Supremo son anulados.<\/p>\n\n\n\n<p>En el tiempo transcurrido desde la anulaci\u00f3n del Plan anterior (en 2015, cuando lleg\u00f3 Caride) y la aprobaci\u00f3n inicial del actual, ha habido relevantes cambios legislativos que restringen las posibilidades de actuaci\u00f3n (ordenaci\u00f3n del litoral, zonas inundables, ruidos), as\u00ed como nuevas exigencias en materia de sostenibilidad y medio ambiente. \u201cLa legislaci\u00f3n es radicalmente distinta a la de 2008\u201d. Adem\u00e1s, la ley exige que el estudio econ\u00f3mico ha de ser realista.<\/p>\n\n\n\n<p>\u201cEl papel ya no lo aguanta todo\u201d, ironiz\u00f3. Como ejemplo cit\u00f3 el hecho de que el Plan de 2008 preve\u00eda una dotaci\u00f3n de 120.000 viviendas, mientras que ahora se fija el techo en menos de la mitad, 51.400, debido a las previsiones de crecimiento de poblaci\u00f3n, nada optimistas.<\/p>\n\n\n\n<p>Con todo, se\u00f1al\u00f3 que \u201cVigo es la ciudad gallega con menos viviendas vac\u00edas\u201d. Cit\u00f3 tambi\u00e9n la \u2018demanda latente\u2019 de 5.555 viviendas de protecci\u00f3n (demandantes apuntados), y esto es 2,5 veces m\u00e1s que en la ciudad de A Coru\u00f1a, y el mismo n\u00famero que su provincia.<\/p>\n\n\n\n<p>Se prev\u00e9 para atenderla la ampliaci\u00f3n de Navia, con 1.600 pisos, y cinco \u00e1mbitos de desarrollo en suelo p\u00fablico, 100 por cien de vivienda protegida. Considera que as\u00ed se satisfar\u00e1 la demanda existente entre Guixar (con Zona Franca), Santa Cristina, Ofim\u00e1tico, Severino Cobas y Cantabria, que dar\u00edan 4.000 m\u00e1s.<\/p>\n\n\n\n<p>Caride: \u201cNo veo por qu\u00e9 no habr\u00e1 acuerdos con el Puerto\u201d<br>Insisti\u00f3 Mar\u00eda Jos\u00e9 Caride que la aprobaci\u00f3n inicial del Plan General no es un punto y final. \u201cAhora empieza la reflexi\u00f3n sobre las distintas actuaciones\u201d. Hasta la aprobaci\u00f3n del Plan, en 2023, sigue vigente la ordenaci\u00f3n provisional y \u201csolo si entra en contradicci\u00f3n con el nuevo Plan, se suspender\u00e1n las licencias\u201d.<\/p>\n\n\n\n<p>Por otra parte, destac\u00f3 que la menor exigencia del nuevo PGOM en cuanto a zonas residenciales exigir\u00e1 menos infraestructuras que el Plan 2008, aunque tambi\u00e9n prev\u00e9 algunas.<\/p>\n\n\n\n<p>En concreto, conectar el Parque Tecnol\u00f3gico, el Cunqueiro, la Universidad o Bala\u00eddos, un vial que por ser metropolitano tendr\u00eda que construir la Xunta, sostiene la concejala, o la conexi\u00f3n con la autov\u00eda de R\u00edas Baixas (hoy acaba en Porri\u00f1o), junto con la potenciaci\u00f3n de zonas verdes (\u201dse pasar\u00e1 de 2,2 millones de metros cuadrados a 4,4 millones de zonas verdes y espacios libres, y 900.000 metros cuadrados de equipamientos). Se prev\u00e9n dotaciones de suelo industrial y terciario, hasta 1,6 millones de metros cuadrados m\u00e1s.<\/p>\n\n\n\n<p>En lo que respecta al puerto, consider\u00f3 \u201cuna asignatura pendiente\u201d resolver los problemas de Beiramar y consider\u00f3 que \u201cpara que haya calidad urbana, hay que actuar en la primera l\u00ednea del puerto\u201d. \u201cNo vamos a poner nunca en cuesti\u00f3n la actividad portuaria, pero es posible compatibilizar usos, y que los camiones circulen por t\u00fanel. No veo motivo para no llegar a acuerdos con el Puerto\u201d, dijo.<\/p>\n\n\n\n<p>La concejala de Urbanismo explica el nuevo Plan General como una oportunidad tras la anulaci\u00f3n del Plan 2008 \u201cque era de otra situaci\u00f3n social y econ\u00f3mica\u201d<br>Mar\u00eda Jos\u00e9 Caride, concejala de Urbanismo, explic\u00f3 como si fuera a\u00fan la profesora de Econ\u00f3micas de la Universidad de Vigo que fue, los pormenores del Plan General (PGOM) que acaba de ser aprobado inicialmente y que en 2023 como m\u00e1ximo tendr\u00e1 que serlo de forma definitiva.<\/p>\n\n\n\n<p>Lo hizo en el C\u00edrculo de Empresarios ante un p\u00fablico muy amplio que incluso le llam\u00f3 la atenci\u00f3n a la exconselleira. \u201cPensaba que iba a ser en una sala reducida\u201d, asegur\u00f3 al inicio de la exposici\u00f3n, que se alarg\u00f3 durante 45 minutos.<br>Dej\u00f3 varios titulares. Uno, que el PGOM planificar\u00e1 la ciudad y estar\u00e1 en vigor como m\u00e1ximo durante 15 a\u00f1os, hasta 2038, momento en el que tendr\u00e1 que redactarse otro. Es una cuesti\u00f3n legal, advirti\u00f3. Segundo, que est\u00e1 convencida de que las necesidades apremiantes de vivienda protegida se van a resolver a trav\u00e9s de cinco \u00e1mbitos dise\u00f1ados para ello, adem\u00e1s de la ampliaci\u00f3n de Navia. Y tercero, que la anulaci\u00f3n del Plan de 2008 es una oportunidad para contar con uno nuevo \u201cque est\u00e9 adaptado a otro momento econ\u00f3mico, social\u201d.<\/p>\n\n\n\n<p>La concejala desgran\u00f3 algunas de las principales actuaciones previstas en el nuevo Plan y apunt\u00f3 que la anulaci\u00f3n judicial del anterior \u201ces una oportunidad para repensar y adaptarnos al nuevo contexto, para resolver problemas y para planificar el futuro.<\/p>\n\n\n\n<p>Estamos en otro momento social y econ\u00f3mico, Vigo de 2021 no es el de principios de siglo\u201d, se\u00f1al\u00f3 en C\u00edrculo. Anot\u00f3 que el 70 % de los planes generales que llegan al Tribunal Supremo son anulados.<\/p>\n\n\n\n<p>En el tiempo transcurrido desde la anulaci\u00f3n del Plan anterior (en 2015, cuando lleg\u00f3 Caride) y la aprobaci\u00f3n inicial del actual, ha habido relevantes cambios legislativos que restringen las posibilidades de actuaci\u00f3n (ordenaci\u00f3n del litoral, zonas inundables, ruidos), as\u00ed como nuevas exigencias en materia de sostenibilidad y medio ambiente. \u201cLa legislaci\u00f3n es radicalmente distinta a la de 2008\u201d. Adem\u00e1s, la ley exige que el estudio econ\u00f3mico ha de ser realista.<\/p>\n\n\n\n<p>\u201cEl papel ya no lo aguanta todo\u201d, ironiz\u00f3. Como ejemplo cit\u00f3 el hecho de que el Plan de 2008 preve\u00eda una dotaci\u00f3n de 120.000 viviendas, mientras que ahora se fija el techo en menos de la mitad, 51.400, debido a las previsiones de crecimiento de poblaci\u00f3n, nada optimistas.<\/p>\n\n\n\n<p>Con todo, se\u00f1al\u00f3 que \u201cVigo es la ciudad gallega con menos viviendas vac\u00edas\u201d. Cit\u00f3 tambi\u00e9n la \u2018demanda latente\u2019 de 5.555 viviendas de protecci\u00f3n (demandantes apuntados), y esto es 2,5 veces m\u00e1s que en la ciudad de A Coru\u00f1a, y el mismo n\u00famero que su provincia.<\/p>\n\n\n\n<p>Se prev\u00e9 para atenderla la ampliaci\u00f3n de Navia, con 1.600 pisos, y cinco \u00e1mbitos de desarrollo en suelo p\u00fablico, 100 por cien de vivienda protegida. Considera que as\u00ed se satisfar\u00e1 la demanda existente entre Guixar (con Zona Franca), Santa Cristina, Ofim\u00e1tico, Severino Cobas y Cantabria, que dar\u00edan 4.000 m\u00e1s.<\/p>\n\n\n\n<p>Caride: \u201cNo veo por qu\u00e9 no habr\u00e1 acuerdos con el Puerto\u201d<br>Insisti\u00f3 Mar\u00eda Jos\u00e9 Caride que la aprobaci\u00f3n inicial del Plan General no es un punto y final. \u201cAhora empieza la reflexi\u00f3n sobre las distintas actuaciones\u201d. Hasta la aprobaci\u00f3n del Plan, en 2023, sigue vigente la ordenaci\u00f3n provisional y \u201csolo si entra en contradicci\u00f3n con el nuevo Plan, se suspender\u00e1n las licencias\u201d.<\/p>\n\n\n\n<p>Por otra parte, destac\u00f3 que la menor exigencia del nuevo PGOM en cuanto a zonas residenciales exigir\u00e1 menos infraestructuras que el Plan 2008, aunque tambi\u00e9n prev\u00e9 algunas.<\/p>\n\n\n\n<p>En concreto, conectar el Parque Tecnol\u00f3gico, el Cunqueiro, la Universidad o Bala\u00eddos, un vial que por ser metropolitano tendr\u00eda que construir la Xunta, sostiene la concejala, o la conexi\u00f3n con la autov\u00eda de R\u00edas Baixas (hoy acaba en Porri\u00f1o), junto con la potenciaci\u00f3n de zonas verdes (\u201dse pasar\u00e1 de 2,2 millones de metros cuadrados a 4,4 millones de zonas verdes y espacios libres, y 900.000 metros cuadrados de equipamientos). Se prev\u00e9n dotaciones de suelo industrial y terciario, hasta 1,6 millones de metros cuadrados m\u00e1s.<\/p>\n\n\n\n<p>En lo que respecta al puerto, consider\u00f3 \u201cuna asignatura pendiente\u201d resolver los problemas de Beiramar y consider\u00f3 que \u201cpara que haya calidad urbana, hay que actuar en la primera l\u00ednea del puerto\u201d. \u201cNo vamos a poner nunca en cuesti\u00f3n la actividad portuaria, pero es posible compatibilizar usos, y que los camiones circulen por t\u00fanel. No veo motivo para no llegar a acuerdos con el Puerto\u201d, dijo.<\/p>\n\n\n\n<p><\/p>\n","protected":false},"excerpt":{"rendered":"<p>Atl\u00e1ntico La concejala de Urbanismo explica el nuevo Plan General como una oportunidad tras la anulaci\u00f3n del Plan 2008 \u201cque era de&#8230;<\/p>\n","protected":false},"author":2,"featured_media":4005,"comment_status":"open","ping_status":"open","sticky":false,"template":"","format":"standard","meta":[],"categories":[1],"tags":[],"_links":{"self":[{"href":"https:\/\/aproin.com\/index.php\/wp-json\/wp\/v2\/posts\/4006"}],"collection":[{"href":"https:\/\/aproin.com\/index.php\/wp-json\/wp\/v2\/posts"}],"about":[{"href":"https:\/\/aproin.com\/index.php\/wp-json\/wp\/v2\/types\/post"}],"author":[{"embeddable":true,"href":"https:\/\/aproin.com\/index.php\/wp-json\/wp\/v2\/users\/2"}],"replies":[{"embeddable":true,"href":"https:\/\/aproin.com\/index.php\/wp-json\/wp\/v2\/comments?post=4006"}],"version-history":[{"count":1,"href":"https:\/\/aproin.com\/index.php\/wp-json\/wp\/v2\/posts\/4006\/revisions"}],"predecessor-version":[{"id":4007,"href":"https:\/\/aproin.com\/index.php\/wp-json\/wp\/v2\/posts\/4006\/revisions\/4007"}],"wp:featuredmedia":[{"embeddable":true,"href":"https:\/\/aproin.com\/index.php\/wp-json\/wp\/v2\/media\/4005"}],"wp:attachment":[{"href":"https:\/\/aproin.com\/index.php\/wp-json\/wp\/v2\/media?parent=4006"}],"wp:term":[{"taxonomy":"category","embeddable":true,"href":"https:\/\/aproin.com\/index.php\/wp-json\/wp\/v2\/categories?post=4006"},{"taxonomy":"post_tag","embeddable":true,"href":"https:\/\/aproin.com\/index.php\/wp-json\/wp\/v2\/tags?post=4006"}],"curies":[{"name":"wp","href":"https:\/\/api.w.org\/{rel}","templated":true}]}}