{"id":4008,"date":"2021-10-07T10:59:36","date_gmt":"2021-10-07T08:59:36","guid":{"rendered":"https:\/\/aproin.com\/?p=4008"},"modified":"2021-10-07T10:59:40","modified_gmt":"2021-10-07T08:59:40","slug":"la-exposicion-publica-del-pxom-de-vigo-comienza-la-proxima-semana","status":"publish","type":"post","link":"https:\/\/aproin.com\/index.php\/la-exposicion-publica-del-pxom-de-vigo-comienza-la-proxima-semana\/","title":{"rendered":"La exposici\u00f3n p\u00fablica del PXOM de Vigo comienza la pr\u00f3xima semana"},"content":{"rendered":"\n<p><br>Vigo\u00e9 \/ EFE<br>El Concello adecuar\u00e1 un espacio en el Auditorio Mar de Vigo \u201ccon el fin de atender a todo el mundo, para que nadie quede con dudas\u201d<\/p>\n\n\n\n<p>El periodo de exposici\u00f3n p\u00fablica del PXOM de Vigo comenzar\u00e1 la pr\u00f3xima semana y, como estaba previsto, durar\u00e1 tres meses, seg\u00fan ha adelantado este mi\u00e9rcoles la concejala de Urbanismo de Vigo, Mar\u00eda Jos\u00e9 Caride, quien cree que la aprobaci\u00f3n definitiva se producir\u00e1 en 2023.<\/p>\n\n\n\n<p><strong>Caride particip\u00f3 este mi\u00e9rcoles en un desayuno en el C\u00edrculo de Empresarios de Galicia con casi un centenar de asistentes, organizado por el Foro de Urbanismo e Infraestructuras en colaboraci\u00f3n de Aproin<\/strong>, donde ha se\u00f1alado que la aprobaci\u00f3n inicial del PGOM, que tuvo lugar en un pleno extraordinario en agosto, no es un punto y final y que \u201cahora empieza la reflexi\u00f3n sobre las distintas actuaciones\u201d.<\/p>\n\n\n\n<p>Para ello, el Concello adecuar\u00e1 un espacio en el Auditorio Mar de Vigo \u201ccon el fin de atender a todo el mundo, para que nadie quede con dudas\u201d, ha dicho Caride, quien ha recordado que incluso se facilitar\u00e1 la tramitaci\u00f3n por Internet de alegaciones, \u201cque son una oportunidad para la reflexi\u00f3n y alcanzar el mayor consenso social\u201d.<\/p>\n\n\n\n<p><strong>Visor para localizar fincas<\/strong><br>Asimismo, se est\u00e1 desarrollando un visor que permitir\u00e1 localizar las fincas con la referencia catastral. Caride calcula que la aprobaci\u00f3n definitiva se producir\u00e1 en 2023, y, mientras tanto, sigue vigente la ordenaci\u00f3n provisional y \u201csolo si entra en contradicci\u00f3n con el nuevo Plan, se suspender\u00e1n las licencias\u201d.<\/p>\n\n\n\n<p>La concejala desgran\u00f3 algunas de las principales actuaciones previstas en el nuevo plan y apunt\u00f3 que la anulaci\u00f3n judicial del anterior \u201ces una oportunidad para repensar y adaptarnos al nuevo contexto, para resolver problemas y para planificar el futuro\u201d. En este sentido, afirm\u00f3 que el 70 por ciento de los planes generales que llegan al Tribunal Supremo son anulados, por lo que se buscar\u00e1 el mayor consenso posible.<\/p>\n\n\n\n<p><strong>Cambios legislativos<\/strong><br>En el tiempo transcurrido desde la anulaci\u00f3n del Plan anterior y la aprobaci\u00f3n inicial del actual, ha habido relevantes cambios legislativos que restringen las posibilidades de actuaci\u00f3n (ordenaci\u00f3n del litoral, zonas inundables, ruidos), as\u00ed como nuevas exigencias en materia de sostenibilidad y medio ambiente; situaci\u00f3n que impone, adem\u00e1s, que el estudio econ\u00f3mico ha de ser realista.<\/p>\n\n\n\n<p>Como ejemplo, Caride cit\u00f3 el hecho de que el Plan de 2008 preve\u00eda una dotaci\u00f3n de 300.000 viviendas, mientras que ahora se fija el techo en 51.400, a pesar de que \u201cVigo es la ciudad gallega con menos viviendas vac\u00edas\u201d y una urbe con una \u2018demanda latente\u2019 de 5.000 viviendas de protecci\u00f3n, 2,5 veces m\u00e1s que en la ciudad de A Coru\u00f1a.<\/p>\n\n\n\n<p>Se prev\u00e9n para atenderla la ampliaci\u00f3n de Navia y cinco \u00e1mbitos de desarrollo en suelo p\u00fablico, hasta alcanzar un nivel del 37 por ciento de viviendas de protecci\u00f3n, ha explicado Caride, que se ha referido tambi\u00e9n a las infraestructuras que permitir\u00e1n conectar convenientemente zonas como el Hospital \u00c1lvaro Cunqueiro, la universidad de Vigo o Bala\u00eddos, entre otros, o la conexi\u00f3n con la autov\u00eda de R\u00edas Baixas, junto con la potenciaci\u00f3n de zonas verdes.<\/p>\n","protected":false},"excerpt":{"rendered":"<p>Vigo\u00e9 \/ EFEEl Concello adecuar\u00e1 un espacio en el Auditorio Mar de Vigo \u201ccon el fin de atender a todo el mundo,&#8230;<\/p>\n","protected":false},"author":2,"featured_media":4009,"comment_status":"open","ping_status":"open","sticky":false,"template":"","format":"standard","meta":[],"categories":[1],"tags":[],"_links":{"self":[{"href":"https:\/\/aproin.com\/index.php\/wp-json\/wp\/v2\/posts\/4008"}],"collection":[{"href":"https:\/\/aproin.com\/index.php\/wp-json\/wp\/v2\/posts"}],"about":[{"href":"https:\/\/aproin.com\/index.php\/wp-json\/wp\/v2\/types\/post"}],"author":[{"embeddable":true,"href":"https:\/\/aproin.com\/index.php\/wp-json\/wp\/v2\/users\/2"}],"replies":[{"embeddable":true,"href":"https:\/\/aproin.com\/index.php\/wp-json\/wp\/v2\/comments?post=4008"}],"version-history":[{"count":1,"href":"https:\/\/aproin.com\/index.php\/wp-json\/wp\/v2\/posts\/4008\/revisions"}],"predecessor-version":[{"id":4010,"href":"https:\/\/aproin.com\/index.php\/wp-json\/wp\/v2\/posts\/4008\/revisions\/4010"}],"wp:featuredmedia":[{"embeddable":true,"href":"https:\/\/aproin.com\/index.php\/wp-json\/wp\/v2\/media\/4009"}],"wp:attachment":[{"href":"https:\/\/aproin.com\/index.php\/wp-json\/wp\/v2\/media?parent=4008"}],"wp:term":[{"taxonomy":"category","embeddable":true,"href":"https:\/\/aproin.com\/index.php\/wp-json\/wp\/v2\/categories?post=4008"},{"taxonomy":"post_tag","embeddable":true,"href":"https:\/\/aproin.com\/index.php\/wp-json\/wp\/v2\/tags?post=4008"}],"curies":[{"name":"wp","href":"https:\/\/api.w.org\/{rel}","templated":true}]}}