{"id":4022,"date":"2021-10-15T10:08:58","date_gmt":"2021-10-15T08:08:58","guid":{"rendered":"https:\/\/aproin.com\/?p=4022"},"modified":"2021-10-15T10:09:03","modified_gmt":"2021-10-15T08:09:03","slug":"el-casco-vello-es-el-barrio-de-galicia-que-se-encarecio-mas-en-la-pandemia","status":"publish","type":"post","link":"https:\/\/aproin.com\/index.php\/el-casco-vello-es-el-barrio-de-galicia-que-se-encarecio-mas-en-la-pandemia\/","title":{"rendered":"El Casco Vello es el barrio de Galicia que se encareci\u00f3 m\u00e1s en la pandemia"},"content":{"rendered":"\n<p>Luis Carlos Llera Llorente \/ La Voz de Galicia <\/p>\n\n\n\n<p><strong>El precio medio por metro se sit\u00faa ahora en 2.401 euros, seg\u00fan Idealista<\/strong><\/p>\n\n\n\n<p>El Casco Vello de Vigo es el barrio que m\u00e1s ha subido en Galicia desde que estall\u00f3 la pandemia. As\u00ed lo se\u00f1ala un informe del portal especializado Idealista. El precio del metro cuadrado se sit\u00faa ahora en 2.401 euros, lo que significa un 23,3 % m\u00e1s que antes de la crisis del covid, cuando val\u00eda 1.948 euros.<\/p>\n\n\n\n<p>Carlos Carrera, de la inmobiliaria Trato Directo, ubicada en el barrio hist\u00f3rico de la ciudad, se\u00f1ala que \u00abaqu\u00ed hay poca oferta de vivienda y la que hay nos las quitan de las manos. Ofrecimos un piso en la calle Gamboa por 220.00 euros y lo vendimos en veinticuatro horas. Si tuvi\u00e9semos m\u00e1s, los vender\u00edamos tambi\u00e9n. La gente los quiere para usarlos no para invertir\u00bb.<\/p>\n\n\n\n<p>A pesar de la subida, vivir en el Casco Vello de Vigo sigue siendo mucho m\u00e1s barato que residir en otros barrios de Madrid, Barcelona o San Sebasti\u00e1n, que son las tres ciudades de Espa\u00f1a donde la vivienda est\u00e1 m\u00e1s cara. El hist\u00f3rico es el segundo barrio m\u00e1s caro en la ciudad despu\u00e9s del Areal y el centro con la zona de Rosal\u00eda, Col\u00f3n y calles adyacentes. En el centro urbano de Vigo el metro cuesta 2.800 euros.<\/p>\n\n\n\n<p>El tercer barrio m\u00e1s caro de Vigo es la zona de la plaza de Espa\u00f1a-El Corte Ingl\u00e9s, donde el metro cuadrado se cotiza a 2.374 euros el metro. Por encima de los 2.000 euros el metro se sit\u00faa la plaza de la Independencia, donde la vivienda vale una media de 2.061 euros el metro y luego Casablanca y O Calvario, que se ha recuperado como barrio y ya se cotiza a 2.059 euros el metro. Por debajo de los 2.000 euros el metro est\u00e1n los barrios de A Salgueira-O Casta\u00f1o, con 1.976 euros el metro y el de As Travesas, con 1.942.<\/p>\n\n\n\n<p>El arquitecto Iv\u00e1n Andr\u00e9s Quintela, del estudio Arrokabe, se\u00f1ala que \u00abel mercado est\u00e1 loco\u00bb y pone de relieve que antes del confinamiento la construcci\u00f3n de un metro cuadrados val\u00eda 1.200 euros en el caso de los edificios antiguos para rehabilitar. Pero estos precios se han incrementado entre un 20 y un 40 % seg\u00fan los materiales que se usen. \u00abAhora el coste puede andar sobre 1.400 euros el metro\u00bb se\u00f1ala el autor de la rehabilitaci\u00f3n de un edificio de cinco alturas en la calle Santiago de Vigo. All\u00ed se construyeron un tr\u00edplex, una entreplanta y un local comercial. El proceso fue laboriosos restaurando suelos hidr\u00e1ulicos y madera de tea. No obstante, Iv\u00e1n Andr\u00e9s Quintela se\u00f1ala que rehabilitar viviendas en el Casco Vello de Vigo \u00abofrece m\u00e1s libertad que otros cascos antiguo porque permite llevar a cabo viviendas de diferentes tipolog\u00edas\u00bb. Asegura que en el parte baja del casco antiguo hay muchos edificios que a\u00fan est\u00e1n sin recuperar y que ofrecen buenas oportunidades profesionales. \u00abEl edificio lo rehabilitamos para personas que pod\u00edan permitirse vivir en cualquier otro sitio y prefirieron el Casco Vello para que crezcan ah\u00ed sus hijos\u00bb.<\/p>\n\n\n\n<p>El segundo barrio que m\u00e1s se ha encarecido en Galicia es el vigu\u00e9s de As Travesas-Bala\u00eddos, con un incremento del 14,3 %. Se sit\u00faa en 1.942 euros el metro, mientras que antes de la pandemia estaba en 1.700.<\/p>\n","protected":false},"excerpt":{"rendered":"<p>Luis Carlos Llera Llorente \/ La Voz de Galicia El precio medio por metro se sit\u00faa ahora en 2.401 euros, seg\u00fan Idealista&#8230;<\/p>\n","protected":false},"author":2,"featured_media":2604,"comment_status":"open","ping_status":"open","sticky":false,"template":"","format":"standard","meta":[],"categories":[1],"tags":[],"_links":{"self":[{"href":"https:\/\/aproin.com\/index.php\/wp-json\/wp\/v2\/posts\/4022"}],"collection":[{"href":"https:\/\/aproin.com\/index.php\/wp-json\/wp\/v2\/posts"}],"about":[{"href":"https:\/\/aproin.com\/index.php\/wp-json\/wp\/v2\/types\/post"}],"author":[{"embeddable":true,"href":"https:\/\/aproin.com\/index.php\/wp-json\/wp\/v2\/users\/2"}],"replies":[{"embeddable":true,"href":"https:\/\/aproin.com\/index.php\/wp-json\/wp\/v2\/comments?post=4022"}],"version-history":[{"count":1,"href":"https:\/\/aproin.com\/index.php\/wp-json\/wp\/v2\/posts\/4022\/revisions"}],"predecessor-version":[{"id":4023,"href":"https:\/\/aproin.com\/index.php\/wp-json\/wp\/v2\/posts\/4022\/revisions\/4023"}],"wp:featuredmedia":[{"embeddable":true,"href":"https:\/\/aproin.com\/index.php\/wp-json\/wp\/v2\/media\/2604"}],"wp:attachment":[{"href":"https:\/\/aproin.com\/index.php\/wp-json\/wp\/v2\/media?parent=4022"}],"wp:term":[{"taxonomy":"category","embeddable":true,"href":"https:\/\/aproin.com\/index.php\/wp-json\/wp\/v2\/categories?post=4022"},{"taxonomy":"post_tag","embeddable":true,"href":"https:\/\/aproin.com\/index.php\/wp-json\/wp\/v2\/tags?post=4022"}],"curies":[{"name":"wp","href":"https:\/\/api.w.org\/{rel}","templated":true}]}}