{"id":4258,"date":"2023-01-30T10:57:07","date_gmt":"2023-01-30T09:57:07","guid":{"rendered":"https:\/\/aproin.com\/?p=4258"},"modified":"2023-01-30T10:57:11","modified_gmt":"2023-01-30T09:57:11","slug":"la-primera-ampliacion-de-navia-con-733-viviendas-de-proteccion-lista-para-el-inicio","status":"publish","type":"post","link":"https:\/\/aproin.com\/index.php\/la-primera-ampliacion-de-navia-con-733-viviendas-de-proteccion-lista-para-el-inicio\/","title":{"rendered":"La primera ampliaci\u00f3n de Navia, con 733 viviendas de protecci\u00f3n, lista para el inicio"},"content":{"rendered":"\n<p><\/p>\n\n\n\n<p>Jos\u00e9 Teo Andr\u00e9s \/ Atl\u00e1ntico Diario<\/p>\n\n\n\n<p><strong>Tras el visto bueno municipal definitivo al proyecto residencial, la Xunta contempla comenzar en abril con la urbanizaci\u00f3n del \u00e1mbito para vivienda protegida<\/strong><br><br>La Xunta prev\u00e9 iniciar en abril la urbanizaci\u00f3n del primer pol\u00edgono de lo que ser\u00e1 la anhelada ampliaci\u00f3n de Navia una vez el Concello remita la aprobaci\u00f3n definitiva del proyecto, anunciada por el alcalde hace unas semanas tras la Gerencia de Urbanismo. El primero de los tres pol\u00edgonos en que se divide la nueva actuaci\u00f3n es el m\u00e1s importante al incluir unos 100.000 metros cuadrados y 773 de las 1.600 viviendas previstas en el \u00e1mbito. La obra fue licitada por 14,3 millones -ser\u00e1 adjudicada por algo menos- y un plazo m\u00e1ximo de ejecuci\u00f3n de 29 meses. La urbanizaci\u00f3n representa m\u00e1s de un tercio de la superficie de todo el Nuevo Navia que comienza ahora a desarrollarse.<\/p>\n\n\n\n<p>En el inicio se realizar\u00e1n trabajos de pavimentaci\u00f3n, se\u00f1alizaci\u00f3n de v\u00edas e instalaci\u00f3n de sem\u00e1foros, accesibilidad, jardiner\u00eda -con 9.600 metros cuadrados de zonas verdes y 222 \u00e1rboles-, equipamiento urbano y la construcci\u00f3n de las redes de abastecimiento, saneamiento, energ\u00eda el\u00e9ctrica, iluminaci\u00f3n, gas y telecomunicaciones. Fuentes de la Conseller\u00eda de Medio Ambiente, el departamento que dirige el desarrollo del \u00e1mbito, indicaron que la urbanizaci\u00f3n de Navia permitir\u00e1 acompasar la construcci\u00f3n de los primeros edificios del \u00e1mbito, que como es conocido son de una tipolog\u00eda completamente diferente, con cuatro alturas en la mayor\u00eda de los bloques. Los trabajos previos que se iniciar\u00e1n en abril contemplar\u00e1n la limpieza y replanteo de la zona delimitada en el pol\u00edgono <\/p>\n\n\n\n<p><br>Lo m\u00e1s interesante de esta actuaci\u00f3n es que de las 733 viviendas que se van a construir en Navia, un total de 207 ser\u00e1n directamente por la Xunta a trav\u00e9s del Instituto Galego de Vivenda e Solo como pisos de promoci\u00f3n p\u00fablica. El resto, por cooperativas y promotoras, pero en todos los casos tendr\u00e1n categor\u00eda de edificios de protecci\u00f3n oficial auton\u00f3mica. Supondr\u00e1 un peque\u00f1o alivio para la larga lista de espera de personas inscritas en el registro de demandantes de viviendas protecci\u00f3n, m\u00e1s de 5.600 solo en Vigo. Navia ya no da m\u00e1s de s\u00ed: cuenta con unos 10.000 habitantes y la totalidad de pisos est\u00e1n completos.<\/p>\n\n\n\n<p>Asimismo, tambi\u00e9n se acometer\u00e1 la construcci\u00f3n de 1,18 kil\u00f3metros del carril bici proyectado en Navia, lo que supone m\u00e1s de la mitad de la longitud total prevista para esta infraestructura 2,2 kil\u00f3metros. Desde el inicio de la tramitaci\u00f3n hasta la aprobaci\u00f3n definitiva del plan parcial han pasado casi cinco a\u00f1os. La Xunta ya lleva invertidos 25 millones de euros en los \u00faltimos cuatro a\u00f1os en el \u00e1mbito de Navia.<\/p>\n\n\n\n<p><strong>Dos fases m\u00e1s para que el pol\u00edgono deje de ser una \u201cisla\u201d<\/strong><br>El desarrollo de la ampliaci\u00f3n de Navia ser\u00e1 largo, no menos de diez a\u00f1os, probablemente m\u00e1s, a tenor de lo que fue la primera fase, que se prolong\u00f3 durante dos d\u00e9cadas desde su inicio. Al primero de los pol\u00edgonos seguir\u00e1n otros dos m\u00e1s cuya tramitaci\u00f3n est\u00e1 en marcha. El n\u00famero 2 cuenta con una superficie de 106.000 metros, y a su vez se divide en dos fases de actuaci\u00f3n, siendo la primera de 44.538 metros cuadrados, e incluye el desarrollo de 337 pisos de un promedio de 4 y 5 alturas, zonas verdes y 180 plazas de aparcamiento p\u00fablico. En total, en la 2 habr\u00e1 718 viviendas, de ellas 640 de edificaci\u00f3n colectiva y el resto -78- unifamiliares.<\/p>\n\n\n\n<p>En cuanto al 3, contempla 147 viviendas, de ellas nueve ser\u00e1n casas unifamiliares y el resto, 138, pisos de protecci\u00f3n. Una de las dotaciones previstas en el nuevo instituto, presupuestado en 14 millones de euros por la Xunta.<\/p>\n\n\n\n<p>Por un lado se unir\u00e1 la ampliaci\u00f3n del pol\u00edgono con la parroquia de San Paio, y por el otro con el vecino barrio de Coia (el Concelo prev\u00e9 construir una pasarela), con la idea de que Navia deje de ser una especie de isla sin apenas conexi\u00f3n con el resto de la ciudad. Una vez construidos y ocupados los nuevos edificios, Navia tendr\u00e1 unos 15.000 habitantes, m\u00e1s que la mayor\u00eda de ayuntamientos, y se convertir\u00e1 en una de las zonas m\u00e1s densamente pobladas.<\/p>\n","protected":false},"excerpt":{"rendered":"<p>Jos\u00e9 Teo Andr\u00e9s \/ Atl\u00e1ntico Diario Tras el visto bueno municipal definitivo al proyecto residencial, la Xunta contempla comenzar en abril con&#8230;<\/p>\n","protected":false},"author":2,"featured_media":3813,"comment_status":"open","ping_status":"open","sticky":false,"template":"","format":"standard","meta":[],"categories":[1],"tags":[],"_links":{"self":[{"href":"https:\/\/aproin.com\/index.php\/wp-json\/wp\/v2\/posts\/4258"}],"collection":[{"href":"https:\/\/aproin.com\/index.php\/wp-json\/wp\/v2\/posts"}],"about":[{"href":"https:\/\/aproin.com\/index.php\/wp-json\/wp\/v2\/types\/post"}],"author":[{"embeddable":true,"href":"https:\/\/aproin.com\/index.php\/wp-json\/wp\/v2\/users\/2"}],"replies":[{"embeddable":true,"href":"https:\/\/aproin.com\/index.php\/wp-json\/wp\/v2\/comments?post=4258"}],"version-history":[{"count":1,"href":"https:\/\/aproin.com\/index.php\/wp-json\/wp\/v2\/posts\/4258\/revisions"}],"predecessor-version":[{"id":4259,"href":"https:\/\/aproin.com\/index.php\/wp-json\/wp\/v2\/posts\/4258\/revisions\/4259"}],"wp:featuredmedia":[{"embeddable":true,"href":"https:\/\/aproin.com\/index.php\/wp-json\/wp\/v2\/media\/3813"}],"wp:attachment":[{"href":"https:\/\/aproin.com\/index.php\/wp-json\/wp\/v2\/media?parent=4258"}],"wp:term":[{"taxonomy":"category","embeddable":true,"href":"https:\/\/aproin.com\/index.php\/wp-json\/wp\/v2\/categories?post=4258"},{"taxonomy":"post_tag","embeddable":true,"href":"https:\/\/aproin.com\/index.php\/wp-json\/wp\/v2\/tags?post=4258"}],"curies":[{"name":"wp","href":"https:\/\/api.w.org\/{rel}","templated":true}]}}